{"id":558,"date":"2024-02-17T16:54:51","date_gmt":"2024-02-17T16:54:51","guid":{"rendered":"https:\/\/www.suomi-ranska.com\/lahti\/?p=558"},"modified":"2024-02-17T17:25:18","modified_gmt":"2024-02-17T17:25:18","slug":"timo-hakola-7-11-2023","status":"publish","type":"post","link":"https:\/\/www.suomi-ranska.com\/lahti\/timo-hakola-7-11-2023\/","title":{"rendered":"Timo Hakola 7.11.2023"},"content":{"rendered":"<p>[et_pb_section fb_built=&#8221;1&#8243; _builder_version=&#8221;4.23.4&#8243; _module_preset=&#8221;default&#8221; global_colors_info=&#8221;{}&#8221;][et_pb_row column_structure=&#8221;1_4,1_4,1_4,1_4&#8243; _builder_version=&#8221;4.23.4&#8243; _module_preset=&#8221;default&#8221; global_colors_info=&#8221;{}&#8221;][et_pb_column type=&#8221;1_4&#8243; _builder_version=&#8221;4.23.4&#8243; _module_preset=&#8221;default&#8221; global_colors_info=&#8221;{}&#8221;][et_pb_gallery gallery_ids=&#8221;330&#8243; _builder_version=&#8221;4.23.4&#8243; _module_preset=&#8221;default&#8221; hover_enabled=&#8221;0&#8243; global_colors_info=&#8221;{}&#8221; background_color=&#8221;#FFFFFF&#8221; sticky_enabled=&#8221;0&#8243;][\/et_pb_gallery][et_pb_text _builder_version=&#8221;4.23.4&#8243; _module_preset=&#8221;default&#8221; background_color=&#8221;#FFFFFF&#8221; global_colors_info=&#8221;{}&#8221;]<\/p>\n<p>Timo Hakola esitteli Arlesin Van Goghin asuinseutuja.<\/p>\n<p>[\/et_pb_text][\/et_pb_column][et_pb_column type=&#8221;1_4&#8243; _builder_version=&#8221;4.23.4&#8243; _module_preset=&#8221;default&#8221; global_colors_info=&#8221;{}&#8221;][et_pb_gallery gallery_ids=&#8221;329&#8243; _builder_version=&#8221;4.23.4&#8243; _module_preset=&#8221;default&#8221; global_colors_info=&#8221;{}&#8221;][\/et_pb_gallery][et_pb_text _builder_version=&#8221;4.23.4&#8243; _module_preset=&#8221;default&#8221; global_colors_info=&#8221;{}&#8221;]<\/p>\n<p>Hotel Dieu oli paikka, jossa Vincent Van Gogh sai hoitoa. <\/p>\n<p>[\/et_pb_text][\/et_pb_column][et_pb_column type=&#8221;1_4&#8243; _builder_version=&#8221;4.23.4&#8243; _module_preset=&#8221;default&#8221; global_colors_info=&#8221;{}&#8221;][et_pb_gallery gallery_ids=&#8221;328&#8243; _builder_version=&#8221;4.23.4&#8243; _module_preset=&#8221;default&#8221; global_colors_info=&#8221;{}&#8221;][\/et_pb_gallery][et_pb_text _builder_version=&#8221;4.23.4&#8243; _module_preset=&#8221;default&#8221; global_colors_info=&#8221;{}&#8221;]<\/p>\n<p>Caf\u00e9 van Gogh.\u00a0 Edess\u00e4 n\u00e4kyy taulu, jonka taiteilija oli maalannut juuri t\u00e4lt\u00e4 paikalta, mist\u00e4 kuva on otettu.<\/p>\n<p>[\/et_pb_text][\/et_pb_column][et_pb_column type=&#8221;1_4&#8243; _builder_version=&#8221;4.23.4&#8243; _module_preset=&#8221;default&#8221; global_colors_info=&#8221;{}&#8221;][et_pb_gallery gallery_ids=&#8221;327&#8243; _builder_version=&#8221;4.23.4&#8243; _module_preset=&#8221;default&#8221; global_colors_info=&#8221;{}&#8221;][\/et_pb_gallery][et_pb_text _builder_version=&#8221;4.23.4&#8243; _module_preset=&#8221;default&#8221; global_colors_info=&#8221;{}&#8221;]<\/p>\n<p>Taidekeskus Luma Arlesissa.<\/p>\n<p>[\/et_pb_text][\/et_pb_column][\/et_pb_row][\/et_pb_section]<\/p>\n","protected":false},"excerpt":{"rendered":"<p>Timo Hakola esitteli Arlesin Van Goghin asuinseutuja.Hotel Dieu oli paikka, jossa Vincent Van Gogh sai hoitoa. Caf\u00e9 van Gogh.\u00a0 Edess\u00e4 n\u00e4kyy taulu, jonka taiteilija oli maalannut juuri t\u00e4lt\u00e4 paikalta, mist\u00e4 kuva on otettu.Taidekeskus Luma Arlesissa.<\/p>\n","protected":false},"author":2,"featured_media":0,"comment_status":"closed","ping_status":"open","sticky":false,"template":"","format":"standard","meta":{"_et_pb_use_builder":"on","_et_pb_old_content":"","_et_gb_content_width":"","footnotes":""},"categories":[4],"tags":[],"class_list":["post-558","post","type-post","status-publish","format-standard","hentry","category-menneet-tapahtumat"],"_links":{"self":[{"href":"https:\/\/www.suomi-ranska.com\/lahti\/wp-json\/wp\/v2\/posts\/558","targetHints":{"allow":["GET"]}}],"collection":[{"href":"https:\/\/www.suomi-ranska.com\/lahti\/wp-json\/wp\/v2\/posts"}],"about":[{"href":"https:\/\/www.suomi-ranska.com\/lahti\/wp-json\/wp\/v2\/types\/post"}],"author":[{"embeddable":true,"href":"https:\/\/www.suomi-ranska.com\/lahti\/wp-json\/wp\/v2\/users\/2"}],"replies":[{"embeddable":true,"href":"https:\/\/www.suomi-ranska.com\/lahti\/wp-json\/wp\/v2\/comments?post=558"}],"version-history":[{"count":3,"href":"https:\/\/www.suomi-ranska.com\/lahti\/wp-json\/wp\/v2\/posts\/558\/revisions"}],"predecessor-version":[{"id":564,"href":"https:\/\/www.suomi-ranska.com\/lahti\/wp-json\/wp\/v2\/posts\/558\/revisions\/564"}],"wp:attachment":[{"href":"https:\/\/www.suomi-ranska.com\/lahti\/wp-json\/wp\/v2\/media?parent=558"}],"wp:term":[{"taxonomy":"category","embeddable":true,"href":"https:\/\/www.suomi-ranska.com\/lahti\/wp-json\/wp\/v2\/categories?post=558"},{"taxonomy":"post_tag","embeddable":true,"href":"https:\/\/www.suomi-ranska.com\/lahti\/wp-json\/wp\/v2\/tags?post=558"}],"curies":[{"name":"wp","href":"https:\/\/api.w.org\/{rel}","templated":true}]}}