{"id":1159,"date":"2023-10-17T12:48:25","date_gmt":"2023-10-17T12:48:25","guid":{"rendered":"https:\/\/www.suomi-ranska.com\/teknillistieteellinen\/?p=1159"},"modified":"2023-11-28T11:26:53","modified_gmt":"2023-11-28T11:26:53","slug":"50-vuotisjuhla-grenoblessa-16-17-6-2023","status":"publish","type":"post","link":"https:\/\/www.suomi-ranska.com\/teknillistieteellinen\/50-vuotisjuhla-grenoblessa-16-17-6-2023\/","title":{"rendered":"50-vuotisjuhla Grenoblessa 16-17.6.2023"},"content":{"rendered":"<p>[et_pb_section fb_built=&#8221;1&#8243; _builder_version=&#8221;4.22.2&#8243; _module_preset=&#8221;default&#8221; global_colors_info=&#8221;{}&#8221;][et_pb_row _builder_version=&#8221;4.22.2&#8243; _module_preset=&#8221;default&#8221; global_colors_info=&#8221;{}&#8221;][et_pb_column type=&#8221;4_4&#8243; _builder_version=&#8221;4.22.2&#8243; _module_preset=&#8221;default&#8221; global_colors_info=&#8221;{}&#8221;][et_pb_text _builder_version=&#8221;4.22.2&#8243; _module_preset=&#8221;default&#8221; global_colors_info=&#8221;{}&#8221;]<\/p>\n<p>Hallituksemme j\u00e4sen Jean-Claude Girardet oli j\u00e4rjest\u00e4nyt seuralle hienon 50-vuotisjuhlaohjelman Ranskan Grenoblessa. Tutustuimme \u201dGipsa-lab\u201d tutkimuslaitokseen, joka on erikoistunut tulevaisuuden tekniikoihin. Laitoksen johtaja<span>\u00a0<\/span><strong>Nicolas Marchand<\/strong><span>\u00a0<\/span>otti seurueemme vastaan, ja kertoi laitoksen historiasta ja toiminnasta. H\u00e4n esitteli my\u00f6s droonien tutkimuslaboratorion, jossa seurueemme j\u00e4senet saivat lenn\u00e4tt\u00e4\u00e4 drooneja mallikaupungissa.<\/p>\n<p>Luento-ohjelma oli seuraava:<\/p>\n<ul>\n<li><strong>. Emmanuel Witrant _ \u00ab<span>\u00a0<\/span><\/strong>Firn air .. and more,or How automatic control got involved in glaciology?<span>\u00a0<\/span><strong>\u00bb<\/strong>\u201c<\/li>\n<li><strong>. J\u00e9r\u00f4me Weiss<span>\u00a0<\/span><em>distingu\u00e9 2021 M\u00e9daille d\u2019Argent du CNRS<span>\u00a0<\/span><\/em>: \u00ab<span>\u00a0<\/span><\/strong>Tara\u2019s transpolar drift: a spectacul symptom of sea ice recent disruptions in a warming world \u00bb<\/li>\n<li><strong>. Michel Gay _ \u00ab<span>\u00a0<\/span><\/strong>Modelling and processing of Synthetic Aperture Radar (SAR) satellite data applied to the cryosphere (snow, firn, ice)<span>\u00a0<\/span><strong>\u00bb<\/strong><\/li>\n<\/ul>\n<p>&nbsp;<\/p>\n<p>Michel Gayn esitelm\u00e4 oli suomalaisittain sik\u00e4likin kiinnostava, ett\u00e4 suomalainen yritys \u201dIceye\u201d on saanut mainetta SAR-tekniikkaa k\u00e4ytt\u00e4vill\u00e4 satelliiteillaan. N\u00e4ill\u00e4 laitteilla Ukrainan tiedustelu on n\u00e4hnyt lehvist\u00f6nkin alle k\u00e4tkettyj\u00e4 ven\u00e4l\u00e4isi\u00e4 tankkivaunuja ja ajoneuvoja.<\/p>\n<p>Saimme nauttia erinomaisten oppaiden mielenkiintoisista tiedoista vierailullamme Ranskan vallankumouksen museoon (<strong>Mus\u00e9e* de la R\u00e9volution Fran\u00e7aise)<span>\u00a0<\/span><\/strong>ja Grenoblen suureen taidemuseoon<strong><span>\u00a0<\/span>(Mus\u00e9e de Grenoble).<\/strong><\/p>\n<p>Retken huipensi juhlaillallinen, jonka Jean-Claude oli j\u00e4rjest\u00e4nyt kotonaan. Siell\u00e4 meit\u00e4 oli vastaanottamassa my\u00f6s seuran hallituksen entinen j\u00e4sen<strong><span>\u00a0<\/span>Isabelle Magnin.<\/strong><\/p>\n<p>[\/et_pb_text][\/et_pb_column][\/et_pb_row][et_pb_row column_structure=&#8221;1_3,1_3,1_3&#8243; _builder_version=&#8221;4.23&#8243; _module_preset=&#8221;default&#8221; global_colors_info=&#8221;{}&#8221;][et_pb_column type=&#8221;1_3&#8243; _builder_version=&#8221;4.23&#8243; _module_preset=&#8221;default&#8221; global_colors_info=&#8221;{}&#8221;][et_pb_image src=&#8221;https:\/\/www.suomi-ranska.com\/teknillistieteellinen\/wp-content\/uploads\/2023\/11\/WhatsApp-Kuva-2023-06-23-klo-21.51.04.jpg&#8221; title_text=&#8221;WhatsApp-Kuva 2023-06-23 klo 21.51.04&#8243; _builder_version=&#8221;4.23&#8243; _module_preset=&#8221;default&#8221; global_colors_info=&#8221;{}&#8221;][\/et_pb_image][et_pb_text _builder_version=&#8221;4.23&#8243; _module_preset=&#8221;default&#8221; custom_padding=&#8221;0px|0px|||false|false&#8221; global_colors_info=&#8221;{}&#8221;]<\/p>\n<p>Seurueemme nuorimmainen oli p\u00e4tevin ohjaamaan droonia kaupunkiymp\u00e4rist\u00f6ss\u00e4&#8230;<\/p>\n<p>[\/et_pb_text][\/et_pb_column][et_pb_column type=&#8221;1_3&#8243; _builder_version=&#8221;4.23&#8243; _module_preset=&#8221;default&#8221; global_colors_info=&#8221;{}&#8221;][et_pb_image src=&#8221;https:\/\/www.suomi-ranska.com\/teknillistieteellinen\/wp-content\/uploads\/2023\/11\/IMG20230617213017-scaled.jpg&#8221; title_text=&#8221;IMG20230617213017&#8243; _builder_version=&#8221;4.23&#8243; _module_preset=&#8221;default&#8221; global_colors_info=&#8221;{}&#8221;][\/et_pb_image][et_pb_text _builder_version=&#8221;4.23&#8243; _module_preset=&#8221;default&#8221; global_colors_info=&#8221;{}&#8221;]<\/p>\n<p>P\u00e4\u00e4ll\u00e4: Nora Kalso, Tytti Varmavuo-H\u00e4iki\u00f6 ja Isabelle Magnin.<\/p>\n<p>&nbsp;<\/p>\n<p>&nbsp;<\/p>\n<p>[\/et_pb_text][\/et_pb_column][et_pb_column type=&#8221;1_3&#8243; _builder_version=&#8221;4.23&#8243; _module_preset=&#8221;default&#8221; global_colors_info=&#8221;{}&#8221;][et_pb_image src=&#8221;https:\/\/www.suomi-ranska.com\/teknillistieteellinen\/wp-content\/uploads\/2023\/11\/IMG20230617203721-scaled.jpg&#8221; title_text=&#8221;IMG20230617203721&#8243; _builder_version=&#8221;4.23&#8243; _module_preset=&#8221;default&#8221; custom_margin=&#8221;0px||0px||false|false&#8221; global_colors_info=&#8221;{}&#8221;][\/et_pb_image][et_pb_text _builder_version=&#8221;4.23&#8243; _module_preset=&#8221;default&#8221; custom_margin=&#8221;20px||||false|false&#8221; global_colors_info=&#8221;{}&#8221;]<\/p>\n<p>P\u00e4\u00e4ll\u00e4: Markku \u00c4\u00e4rimaa, Jean-Claude Girardet ja 50-vuotiskakakku.<\/p>\n<p>&nbsp;<\/p>\n<p>&nbsp;<\/p>\n<p>[\/et_pb_text][\/et_pb_column][\/et_pb_row][\/et_pb_section]<\/p>\n","protected":false},"excerpt":{"rendered":"<p>Hallituksemme j\u00e4sen Jean-Claude Girardet oli j\u00e4rjest\u00e4nyt seuralle hienon 50-vuotisjuhlaohjelman Ranskan Grenoblessa. Tutustuimme \u201dGipsa-lab\u201d tutkimuslaitokseen, joka on erikoistunut tulevaisuuden tekniikoihin. Laitoksen johtaja\u00a0Nicolas Marchand\u00a0otti seurueemme vastaan, ja kertoi laitoksen historiasta ja toiminnasta. H\u00e4n esitteli my\u00f6s droonien tutkimuslaboratorion, jossa seurueemme j\u00e4senet saivat lenn\u00e4tt\u00e4\u00e4 drooneja mallikaupungissa. Luento-ohjelma oli seuraava: . Emmanuel Witrant _ \u00ab\u00a0Firn air .. and more,or How [&hellip;]<\/p>\n","protected":false},"author":1,"featured_media":0,"comment_status":"closed","ping_status":"open","sticky":false,"template":"","format":"standard","meta":{"_et_pb_use_builder":"on","_et_pb_old_content":"","_et_gb_content_width":"1080","footnotes":""},"categories":[13,5],"tags":[],"class_list":["post-1159","post","type-post","status-publish","format-standard","hentry","category-menneet-tapahtumat","category-tapahtumat-2023"],"_links":{"self":[{"href":"https:\/\/www.suomi-ranska.com\/teknillistieteellinen\/wp-json\/wp\/v2\/posts\/1159","targetHints":{"allow":["GET"]}}],"collection":[{"href":"https:\/\/www.suomi-ranska.com\/teknillistieteellinen\/wp-json\/wp\/v2\/posts"}],"about":[{"href":"https:\/\/www.suomi-ranska.com\/teknillistieteellinen\/wp-json\/wp\/v2\/types\/post"}],"author":[{"embeddable":true,"href":"https:\/\/www.suomi-ranska.com\/teknillistieteellinen\/wp-json\/wp\/v2\/users\/1"}],"replies":[{"embeddable":true,"href":"https:\/\/www.suomi-ranska.com\/teknillistieteellinen\/wp-json\/wp\/v2\/comments?post=1159"}],"version-history":[{"count":8,"href":"https:\/\/www.suomi-ranska.com\/teknillistieteellinen\/wp-json\/wp\/v2\/posts\/1159\/revisions"}],"predecessor-version":[{"id":1690,"href":"https:\/\/www.suomi-ranska.com\/teknillistieteellinen\/wp-json\/wp\/v2\/posts\/1159\/revisions\/1690"}],"wp:attachment":[{"href":"https:\/\/www.suomi-ranska.com\/teknillistieteellinen\/wp-json\/wp\/v2\/media?parent=1159"}],"wp:term":[{"taxonomy":"category","embeddable":true,"href":"https:\/\/www.suomi-ranska.com\/teknillistieteellinen\/wp-json\/wp\/v2\/categories?post=1159"},{"taxonomy":"post_tag","embeddable":true,"href":"https:\/\/www.suomi-ranska.com\/teknillistieteellinen\/wp-json\/wp\/v2\/tags?post=1159"}],"curies":[{"name":"wp","href":"https:\/\/api.w.org\/{rel}","templated":true}]}}