{"id":1165,"date":"2022-10-17T13:00:17","date_gmt":"2022-10-17T13:00:17","guid":{"rendered":"https:\/\/www.suomi-ranska.com\/teknillistieteellinen\/?p=1165"},"modified":"2023-10-21T12:32:45","modified_gmt":"2023-10-21T12:32:45","slug":"from-pasteur-to-the-pandemic-on-the-200th-birth-year-of-the-french-scientist","status":"publish","type":"post","link":"https:\/\/www.suomi-ranska.com\/teknillistieteellinen\/from-pasteur-to-the-pandemic-on-the-200th-birth-year-of-the-french-scientist\/","title":{"rendered":"From Pasteur to the pandemic On the 200th\u00a0birth year of the French scientist"},"content":{"rendered":"\n\n[et_pb_section fb_built=&#8221;1&#8243; theme_builder_area=&#8221;post_content&#8221; _builder_version=&#8221;4.22.2&#8243; _module_preset=&#8221;default&#8221;][et_pb_row _builder_version=&#8221;4.22.2&#8243; _module_preset=&#8221;default&#8221; theme_builder_area=&#8221;post_content&#8221;][et_pb_column _builder_version=&#8221;4.22.2&#8243; _module_preset=&#8221;default&#8221; type=&#8221;4_4&#8243; theme_builder_area=&#8221;post_content&#8221;][et_pb_text _builder_version=&#8221;4.22.2&#8243; _module_preset=&#8221;default&#8221; theme_builder_area=&#8221;post_content&#8221; hover_enabled=&#8221;0&#8243; sticky_enabled=&#8221;0&#8243;]<p>Yhteisty\u00f6ss\u00e4 Ranskan instituutin, THL:n ja L\u00e4\u00e4k\u00e4riliiton kanssa j\u00e4rjestettiin 21.10 2022 seminaari Pasteurin juhlavuoden kunniaksi,\u00a0 h\u00e4nen syntym\u00e4st\u00e4\u00e4n tuli kuluneeksi 200 vuotta. Paitsi Pasteurin el\u00e4m\u00e4\u00e4n ja perint\u00f6\u00f6n, seminaarissa pureuduttiin jo voiton puolella olevaan Covid-pandemiaan, sen seurauksiin ja saatuihin opetuksiin. Seminaari oli englanninkielinen.<\/p>\n<p>Seminaari Pidettiin L\u00e4\u00e4k\u00e4riliiton hienoissa tiloissa. Kuulijam\u00e4\u00e4r\u00e4 jouduttiin rajaamaan noin 90:een, tulijoita olisi ollut enemm\u00e4nkin.<\/p>\n<p>Tilaisuuden avasi Markku \u00c4\u00e4rimaa,\u00a0 tervehdyksen esittiv\u00e4t Ranskan suurl\u00e4hettil\u00e4s Agn\u00e8s Cukierman ja prof. Mika Salminen THL:st\u00e4.<\/p>\n<p>Luennot valottivat monipuolisesti Louis Pasteurin el\u00e4m\u00e4nty\u00f6t\u00e4, tartuntatautien historiaa ja nykyisen covid-pandemian n\u00e4kymi\u00e4. Tilaisuuden lopuksi tarjottiin gourmet-iltapala.<\/p>[\/et_pb_text][et_pb_image src=&#8221;https:\/\/www.suomi-ranska.com\/teknillistieteellinen\/wp-content\/uploads\/2023\/10\/Suurlahettilas-Cavaillon-MA-Pasteur-2022-cropped-kopio.jpg&#8221; _builder_version=&#8221;4.22.2&#8243; _module_preset=&#8221;default&#8221; theme_builder_area=&#8221;post_content&#8221; title_text=&#8221;hdrpl&#8221; hover_enabled=&#8221;0&#8243; sticky_enabled=&#8221;0&#8243;][\/et_pb_image][et_pb_text _builder_version=&#8221;4.22.2&#8243; _module_preset=&#8221;default&#8221; theme_builder_area=&#8221;post_content&#8221; text_text_color=&#8221;#000000&#8243; hover_enabled=&#8221;0&#8243; sticky_enabled=&#8221;0&#8243;]<p>Kuvassa prof. Jean-Marc Cavaillon Pariisin Pasteur-instituutista, Markku \u00c4\u00e4rimaa ja suurl\u00e4hettil\u00e4s Agn\u00e8s Cukierman keskustelemassa kahvitauolla<\/p>[\/et_pb_text][\/et_pb_column][\/et_pb_row][\/et_pb_section]\n\n","protected":false},"excerpt":{"rendered":"<p>Yhteisty\u00f6ss\u00e4 Ranskan instituutin, THL:n ja L\u00e4\u00e4k\u00e4riliiton kanssa j\u00e4rjestettiin 21.10 2022 seminaari Pasteurin juhlavuoden kunniaksi,\u00a0 h\u00e4nen syntym\u00e4st\u00e4\u00e4n tuli kuluneeksi 200 vuotta. Paitsi Pasteurin el\u00e4m\u00e4\u00e4n ja perint\u00f6\u00f6n, seminaarissa pureuduttiin jo voiton puolella olevaan Covid-pandemiaan, sen seurauksiin ja saatuihin opetuksiin. Seminaari oli englanninkielinen. Seminaari Pidettiin L\u00e4\u00e4k\u00e4riliiton hienoissa tiloissa. Kuulijam\u00e4\u00e4r\u00e4 jouduttiin rajaamaan noin 90:een, tulijoita olisi ollut enemm\u00e4nkin. Tilaisuuden [&hellip;]<\/p>\n","protected":false},"author":1,"featured_media":0,"comment_status":"closed","ping_status":"closed","sticky":false,"template":"","format":"standard","meta":{"_et_pb_use_builder":"on","_et_pb_old_content":"","_et_gb_content_width":"1080","footnotes":""},"categories":[13,4,6],"tags":[],"class_list":["post-1165","post","type-post","status-publish","format-standard","hentry","category-menneet-tapahtumat","category-tapahtumat","category-tapahtumat-2022"],"_links":{"self":[{"href":"https:\/\/www.suomi-ranska.com\/teknillistieteellinen\/wp-json\/wp\/v2\/posts\/1165","targetHints":{"allow":["GET"]}}],"collection":[{"href":"https:\/\/www.suomi-ranska.com\/teknillistieteellinen\/wp-json\/wp\/v2\/posts"}],"about":[{"href":"https:\/\/www.suomi-ranska.com\/teknillistieteellinen\/wp-json\/wp\/v2\/types\/post"}],"author":[{"embeddable":true,"href":"https:\/\/www.suomi-ranska.com\/teknillistieteellinen\/wp-json\/wp\/v2\/users\/1"}],"replies":[{"embeddable":true,"href":"https:\/\/www.suomi-ranska.com\/teknillistieteellinen\/wp-json\/wp\/v2\/comments?post=1165"}],"version-history":[{"count":3,"href":"https:\/\/www.suomi-ranska.com\/teknillistieteellinen\/wp-json\/wp\/v2\/posts\/1165\/revisions"}],"predecessor-version":[{"id":1312,"href":"https:\/\/www.suomi-ranska.com\/teknillistieteellinen\/wp-json\/wp\/v2\/posts\/1165\/revisions\/1312"}],"wp:attachment":[{"href":"https:\/\/www.suomi-ranska.com\/teknillistieteellinen\/wp-json\/wp\/v2\/media?parent=1165"}],"wp:term":[{"taxonomy":"category","embeddable":true,"href":"https:\/\/www.suomi-ranska.com\/teknillistieteellinen\/wp-json\/wp\/v2\/categories?post=1165"},{"taxonomy":"post_tag","embeddable":true,"href":"https:\/\/www.suomi-ranska.com\/teknillistieteellinen\/wp-json\/wp\/v2\/tags?post=1165"}],"curies":[{"name":"wp","href":"https:\/\/api.w.org\/{rel}","templated":true}]}}