{"id":1169,"date":"2022-04-13T13:05:14","date_gmt":"2022-04-13T13:05:14","guid":{"rendered":"https:\/\/www.suomi-ranska.com\/teknillistieteellinen\/?p=1169"},"modified":"2023-10-21T09:13:47","modified_gmt":"2023-10-21T09:13:47","slug":"paneelikeskustelu-keskiviikkona-13-4-2022-klo-13-15","status":"publish","type":"post","link":"https:\/\/www.suomi-ranska.com\/teknillistieteellinen\/paneelikeskustelu-keskiviikkona-13-4-2022-klo-13-15\/","title":{"rendered":"Paneelikeskustelu keskiviikkona 13.4.2022 klo 13 -15 &#8211; P\u00e4iv\u00e4lehden museon luentotila, Ludviginkatu 2\u20134, Helsinki"},"content":{"rendered":"\n[et_pb_section fb_built=&#8221;1&#8243; theme_builder_area=&#8221;post_content&#8221; _builder_version=&#8221;4.22.2&#8243; _module_preset=&#8221;default&#8221;][et_pb_row _builder_version=&#8221;4.22.2&#8243; _module_preset=&#8221;default&#8221; theme_builder_area=&#8221;post_content&#8221;][et_pb_column _builder_version=&#8221;4.22.2&#8243; _module_preset=&#8221;default&#8221; type=&#8221;4_4&#8243; theme_builder_area=&#8221;post_content&#8221;][et_pb_text _builder_version=&#8221;4.22.2&#8243; _module_preset=&#8221;default&#8221; theme_builder_area=&#8221;post_content&#8221; hover_enabled=&#8221;0&#8243; sticky_enabled=&#8221;0&#8243;]<h4><span>Mit\u00e4 Ranskan presidentinvaalit merkitsev\u00e4t<\/span><br \/><span>Euroopalle, EU:lle, Ranskalle ja Suomelle?<\/span><\/h4>\n<p>Huhtikuussa pidetyt Ranskan presidentinvaalit olivat koko Euroopan kannalta tavallista t\u00e4rke\u00e4mm\u00e4t. Euroopassa vallitsi sotatila ja EU tarvitsi j\u00e4m\u00e4kk\u00e4\u00e4 johtajuutta.\u00a0 EU:n vetureiden, Ranskan ja Saksan johto oli vaihtumassa tai vaihtunut. Suunnan n\u00e4ytt\u00e4jin\u00e4 olivat pitk\u00e4\u00e4n hyv\u00e4\u00e4 yhteisty\u00f6t\u00e4 tehneet Saksan Angela Merkel ja Ranskan Emmanuel Macron. Joulukuussa 2021 Saksan liittokansleriksi oli valittu Olaf Scholz, ja nyt Ranskalle valittiin presidentti\u00e4.<br \/>Paneelikeskustelumme sijoittui tilanteeseen, jossa ensimm\u00e4inen vaalikierros oli k\u00e4yty, ja j\u00e4ljell\u00e4 oli kaksi ehdokasta: Marine Le Pen ja Emmanuel Macron.<\/p>\n<p>Tilaisuuteen osallistui 35 kuulijaa.<\/p>[\/et_pb_text][et_pb_image src=&#8221;https:\/\/www.suomi-ranska.com\/teknillistieteellinen\/wp-content\/uploads\/2022\/04\/Leikattu-scaled.jpg&#8221; _builder_version=&#8221;4.22.2&#8243; _module_preset=&#8221;default&#8221; theme_builder_area=&#8221;post_content&#8221; title_text=&#8221;Leikattu&#8221; hover_enabled=&#8221;0&#8243; sticky_enabled=&#8221;0&#8243;][\/et_pb_image][et_pb_text _builder_version=&#8221;4.22.2&#8243; _module_preset=&#8221;default&#8221; theme_builder_area=&#8221;post_content&#8221; text_text_color=&#8221;#000000&#8243; hover_enabled=&#8221;0&#8243; sticky_enabled=&#8221;0&#8243;]<p>\u00a0Paneelin puheenjohtajana toimi suurl\u00e4hettil\u00e4s Risto Veltheim, kuvassa keskell\u00e4, ja panelisteina prof. Louis Clerc ja kuvassa puhetta pit\u00e4v\u00e4 Helena Pet\u00e4ist\u00f6.<br \/>Louis Clerc valotti presidentinvaalin historiaa ja arvioi vaaliasetelmaa. Helena Pet\u00e4ist\u00f6 toi mielenkiintoista tietoa ehdokkaiden, varsinkin Macronin taustoista<\/p>[\/et_pb_text][\/et_pb_column][\/et_pb_row][\/et_pb_section]\n","protected":false},"excerpt":{"rendered":"<p>Mit\u00e4 Ranskan presidentinvaalit merkitsev\u00e4tEuroopalle, EU:lle, Ranskalle ja Suomelle? Huhtikuussa pidetyt Ranskan presidentinvaalit olivat koko Euroopan kannalta tavallista t\u00e4rke\u00e4mm\u00e4t. Euroopassa vallitsi sotatila ja EU tarvitsi j\u00e4m\u00e4kk\u00e4\u00e4 johtajuutta.\u00a0 EU:n vetureiden, Ranskan ja Saksan johto oli vaihtumassa tai vaihtunut. Suunnan n\u00e4ytt\u00e4jin\u00e4 olivat pitk\u00e4\u00e4n hyv\u00e4\u00e4 yhteisty\u00f6t\u00e4 tehneet Saksan Angela Merkel ja Ranskan Emmanuel Macron. Joulukuussa 2021 Saksan liittokansleriksi oli [&hellip;]<\/p>\n","protected":false},"author":1,"featured_media":0,"comment_status":"closed","ping_status":"open","sticky":false,"template":"","format":"standard","meta":{"_et_pb_use_builder":"on","_et_pb_old_content":"","_et_gb_content_width":"1080","footnotes":""},"categories":[13,4,6],"tags":[],"class_list":["post-1169","post","type-post","status-publish","format-standard","hentry","category-menneet-tapahtumat","category-tapahtumat","category-tapahtumat-2022"],"_links":{"self":[{"href":"https:\/\/www.suomi-ranska.com\/teknillistieteellinen\/wp-json\/wp\/v2\/posts\/1169","targetHints":{"allow":["GET"]}}],"collection":[{"href":"https:\/\/www.suomi-ranska.com\/teknillistieteellinen\/wp-json\/wp\/v2\/posts"}],"about":[{"href":"https:\/\/www.suomi-ranska.com\/teknillistieteellinen\/wp-json\/wp\/v2\/types\/post"}],"author":[{"embeddable":true,"href":"https:\/\/www.suomi-ranska.com\/teknillistieteellinen\/wp-json\/wp\/v2\/users\/1"}],"replies":[{"embeddable":true,"href":"https:\/\/www.suomi-ranska.com\/teknillistieteellinen\/wp-json\/wp\/v2\/comments?post=1169"}],"version-history":[{"count":3,"href":"https:\/\/www.suomi-ranska.com\/teknillistieteellinen\/wp-json\/wp\/v2\/posts\/1169\/revisions"}],"predecessor-version":[{"id":1175,"href":"https:\/\/www.suomi-ranska.com\/teknillistieteellinen\/wp-json\/wp\/v2\/posts\/1169\/revisions\/1175"}],"wp:attachment":[{"href":"https:\/\/www.suomi-ranska.com\/teknillistieteellinen\/wp-json\/wp\/v2\/media?parent=1169"}],"wp:term":[{"taxonomy":"category","embeddable":true,"href":"https:\/\/www.suomi-ranska.com\/teknillistieteellinen\/wp-json\/wp\/v2\/categories?post=1169"},{"taxonomy":"post_tag","embeddable":true,"href":"https:\/\/www.suomi-ranska.com\/teknillistieteellinen\/wp-json\/wp\/v2\/tags?post=1169"}],"curies":[{"name":"wp","href":"https:\/\/api.w.org\/{rel}","templated":true}]}}