{"id":1179,"date":"2021-11-29T13:13:17","date_gmt":"2021-11-29T13:13:17","guid":{"rendered":"https:\/\/www.suomi-ranska.com\/teknillistieteellinen\/?p=1179"},"modified":"2023-10-21T09:13:26","modified_gmt":"2023-10-21T09:13:26","slug":"29-30-novembre-2021","status":"publish","type":"post","link":"https:\/\/www.suomi-ranska.com\/teknillistieteellinen\/29-30-novembre-2021\/","title":{"rendered":"29.-30. novembre 2021: La Guerre d\u2019hiver et la France"},"content":{"rendered":"\n[et_pb_section fb_built=&#8221;1&#8243; _builder_version=&#8221;4.16&#8243; global_colors_info=&#8221;{}&#8221;][et_pb_row _builder_version=&#8221;4.16&#8243; background_size=&#8221;initial&#8221; background_position=&#8221;top_left&#8221; background_repeat=&#8221;repeat&#8221; global_colors_info=&#8221;{}&#8221;][et_pb_column type=&#8221;4_4&#8243; _builder_version=&#8221;4.16&#8243; custom_padding=&#8221;|||&#8221; global_colors_info=&#8221;{}&#8221; custom_padding__hover=&#8221;|||&#8221;][et_pb_text _builder_version=&#8221;4.22.2&#8243; background_size=&#8221;initial&#8221; background_position=&#8221;top_left&#8221; background_repeat=&#8221;repeat&#8221; hover_enabled=&#8221;0&#8243; global_colors_info=&#8221;{}&#8221; sticky_enabled=&#8221;0&#8243;]<p><span><strong>La Guerre d\u2019hiver et la France<\/strong>\u00a0<strong><em>(en fran\u00e7ais)<\/em><\/strong>\u00a0<strong>le 29.11 \u00e0 19.00<\/strong><\/span><\/p>\n<p><span><strong>Talvisota ja Ranska\u00a0<em>(suomeksi)<\/em>\u00a0ti 30.11. klo 19.00<\/strong><\/span><\/p>\n<p>Simo Brummer luennoi Zoomissa marras- ja joulukuussa SRYL:in j\u00e4senille. Esitelm\u00e4t pidet\u00e4\u00e4n sek\u00e4 ranskaksi ett\u00e4 suomeksi kumpikin aihe per\u00e4kk\u00e4isin\u00e4 p\u00e4ivin\u00e4 ja ne kest\u00e4v\u00e4t puolisen tuntia.<\/p>\n<p><!-- \/divi:paragraph --><\/p>[\/et_pb_text][\/et_pb_column][\/et_pb_row][\/et_pb_section]\n","protected":false},"excerpt":{"rendered":"<p>La Guerre d\u2019hiver et la France\u00a0(en fran\u00e7ais)\u00a0le 29.11 \u00e0 19.00 Talvisota ja Ranska\u00a0(suomeksi)\u00a0ti 30.11. klo 19.00 Simo Brummer luennoi Zoomissa marras- ja joulukuussa SRYL:in j\u00e4senille. Esitelm\u00e4t pidet\u00e4\u00e4n sek\u00e4 ranskaksi ett\u00e4 suomeksi kumpikin aihe per\u00e4kk\u00e4isin\u00e4 p\u00e4ivin\u00e4 ja ne kest\u00e4v\u00e4t puolisen tuntia.<\/p>\n","protected":false},"author":1,"featured_media":0,"comment_status":"closed","ping_status":"closed","sticky":false,"template":"","format":"standard","meta":{"_et_pb_use_builder":"on","_et_pb_old_content":"<!-- wp:paragraph -->\n<p>Welcome to WordPress. This is your first post. Edit or delete it, then start writing!<\/p>\n<!-- \/wp:paragraph -->","_et_gb_content_width":"1080","footnotes":""},"categories":[13,4,7],"tags":[],"class_list":["post-1179","post","type-post","status-publish","format-standard","hentry","category-menneet-tapahtumat","category-tapahtumat","category-tapahtumat-2021"],"_links":{"self":[{"href":"https:\/\/www.suomi-ranska.com\/teknillistieteellinen\/wp-json\/wp\/v2\/posts\/1179","targetHints":{"allow":["GET"]}}],"collection":[{"href":"https:\/\/www.suomi-ranska.com\/teknillistieteellinen\/wp-json\/wp\/v2\/posts"}],"about":[{"href":"https:\/\/www.suomi-ranska.com\/teknillistieteellinen\/wp-json\/wp\/v2\/types\/post"}],"author":[{"embeddable":true,"href":"https:\/\/www.suomi-ranska.com\/teknillistieteellinen\/wp-json\/wp\/v2\/users\/1"}],"replies":[{"embeddable":true,"href":"https:\/\/www.suomi-ranska.com\/teknillistieteellinen\/wp-json\/wp\/v2\/comments?post=1179"}],"version-history":[{"count":4,"href":"https:\/\/www.suomi-ranska.com\/teknillistieteellinen\/wp-json\/wp\/v2\/posts\/1179\/revisions"}],"predecessor-version":[{"id":1184,"href":"https:\/\/www.suomi-ranska.com\/teknillistieteellinen\/wp-json\/wp\/v2\/posts\/1179\/revisions\/1184"}],"wp:attachment":[{"href":"https:\/\/www.suomi-ranska.com\/teknillistieteellinen\/wp-json\/wp\/v2\/media?parent=1179"}],"wp:term":[{"taxonomy":"category","embeddable":true,"href":"https:\/\/www.suomi-ranska.com\/teknillistieteellinen\/wp-json\/wp\/v2\/categories?post=1179"},{"taxonomy":"post_tag","embeddable":true,"href":"https:\/\/www.suomi-ranska.com\/teknillistieteellinen\/wp-json\/wp\/v2\/tags?post=1179"}],"curies":[{"name":"wp","href":"https:\/\/api.w.org\/{rel}","templated":true}]}}