{"id":1185,"date":"2021-11-17T13:16:52","date_gmt":"2021-11-17T13:16:52","guid":{"rendered":"https:\/\/www.suomi-ranska.com\/teknillistieteellinen\/?p=1185"},"modified":"2023-10-21T09:12:47","modified_gmt":"2023-10-21T09:12:47","slug":"novembre-2021rome-webinaire-fete-internationale-de-la-science","status":"publish","type":"post","link":"https:\/\/www.suomi-ranska.com\/teknillistieteellinen\/novembre-2021rome-webinaire-fete-internationale-de-la-science\/","title":{"rendered":"novembre 2021:Rome \u2013 webinaire \u201cF\u00eate internationale de la science"},"content":{"rendered":"<p>[et_pb_section fb_built=&#8221;1&#8243; _builder_version=&#8221;4.16&#8243; global_colors_info=&#8221;{}&#8221; custom_padding=&#8221;1px|||||&#8221;][et_pb_row _builder_version=&#8221;4.16&#8243; background_size=&#8221;initial&#8221; background_position=&#8221;top_left&#8221; background_repeat=&#8221;repeat&#8221; global_colors_info=&#8221;{}&#8221;][et_pb_column type=&#8221;4_4&#8243; _builder_version=&#8221;4.16&#8243; custom_padding=&#8221;|||&#8221; global_colors_info=&#8221;{}&#8221; custom_padding__hover=&#8221;|||&#8221;][et_pb_text _builder_version=&#8221;4.22.2&#8243; background_size=&#8221;initial&#8221; background_position=&#8221;top_left&#8221; background_repeat=&#8221;repeat&#8221; hover_enabled=&#8221;0&#8243; global_colors_info=&#8221;{}&#8221; sticky_enabled=&#8221;0&#8243;]<\/p>\n<p>La Repr\u00e9sentation permanente de la France aupr\u00e8s des Nations Unies \u00e0 Rome ont organis\u00e9o une manifestation dans le cadre du<span>\u00a0<\/span><strong>30<sup>\u00e8me<\/sup>\u00a0anniversaire de la F\u00eate de la Science<\/strong>.<\/p>\n<p>Celle-ci\u00a0 eu lieu le<span>\u00a0<\/span><strong>16<span>\u00a0<\/span><\/strong>\u00a0sous forme de\u00a0<strong>webinaire<\/strong><span>\u00a0<\/span>, et cette premi\u00e8re \u00e9dition a \u00e9t\u00e9 co-organis\u00e9e avec plusieurs organismes de recherche en France (<strong>CIRAD, INRAE, IRD<\/strong>) ainsi que le P\u00f4le universitaire\u00a0<strong>Muse<\/strong>\u00a0\u00e0 Montpellier<\/p>\n<p>[\/et_pb_text][\/et_pb_column][\/et_pb_row][\/et_pb_section]<\/p>\n","protected":false},"excerpt":{"rendered":"<p>La Repr\u00e9sentation permanente de la France aupr\u00e8s des Nations Unies \u00e0 Rome ont organis\u00e9o une manifestation dans le cadre du\u00a030\u00e8me\u00a0anniversaire de la F\u00eate de la Science. Celle-ci\u00a0 eu lieu le\u00a016\u00a0\u00a0sous forme de\u00a0webinaire\u00a0, et cette premi\u00e8re \u00e9dition a \u00e9t\u00e9 co-organis\u00e9e avec plusieurs organismes de recherche en France (CIRAD, INRAE, IRD) ainsi que le P\u00f4le universitaire\u00a0Muse\u00a0\u00e0 Montpellier<\/p>\n","protected":false},"author":1,"featured_media":0,"comment_status":"closed","ping_status":"closed","sticky":false,"template":"","format":"standard","meta":{"_et_pb_use_builder":"on","_et_pb_old_content":"<!-- wp:paragraph -->\n<p>Welcome to WordPress. This is your first post. Edit or delete it, then start writing!<\/p>\n<!-- \/wp:paragraph -->","_et_gb_content_width":"1080","footnotes":""},"categories":[13,4,7],"tags":[],"class_list":["post-1185","post","type-post","status-publish","format-standard","hentry","category-menneet-tapahtumat","category-tapahtumat","category-tapahtumat-2021"],"_links":{"self":[{"href":"https:\/\/www.suomi-ranska.com\/teknillistieteellinen\/wp-json\/wp\/v2\/posts\/1185","targetHints":{"allow":["GET"]}}],"collection":[{"href":"https:\/\/www.suomi-ranska.com\/teknillistieteellinen\/wp-json\/wp\/v2\/posts"}],"about":[{"href":"https:\/\/www.suomi-ranska.com\/teknillistieteellinen\/wp-json\/wp\/v2\/types\/post"}],"author":[{"embeddable":true,"href":"https:\/\/www.suomi-ranska.com\/teknillistieteellinen\/wp-json\/wp\/v2\/users\/1"}],"replies":[{"embeddable":true,"href":"https:\/\/www.suomi-ranska.com\/teknillistieteellinen\/wp-json\/wp\/v2\/comments?post=1185"}],"version-history":[{"count":2,"href":"https:\/\/www.suomi-ranska.com\/teknillistieteellinen\/wp-json\/wp\/v2\/posts\/1185\/revisions"}],"predecessor-version":[{"id":1187,"href":"https:\/\/www.suomi-ranska.com\/teknillistieteellinen\/wp-json\/wp\/v2\/posts\/1185\/revisions\/1187"}],"wp:attachment":[{"href":"https:\/\/www.suomi-ranska.com\/teknillistieteellinen\/wp-json\/wp\/v2\/media?parent=1185"}],"wp:term":[{"taxonomy":"category","embeddable":true,"href":"https:\/\/www.suomi-ranska.com\/teknillistieteellinen\/wp-json\/wp\/v2\/categories?post=1185"},{"taxonomy":"post_tag","embeddable":true,"href":"https:\/\/www.suomi-ranska.com\/teknillistieteellinen\/wp-json\/wp\/v2\/tags?post=1185"}],"curies":[{"name":"wp","href":"https:\/\/api.w.org\/{rel}","templated":true}]}}