{"id":1202,"date":"2021-11-19T14:01:30","date_gmt":"2021-11-19T14:01:30","guid":{"rendered":"https:\/\/www.suomi-ranska.com\/teknillistieteellinen\/?p=1202"},"modified":"2023-10-21T09:11:41","modified_gmt":"2023-10-21T09:11:41","slug":"19-11-2020-englanninkielinen-webinaari-aiheestacircular-economy-for-the-wood-products-industry","status":"publish","type":"post","link":"https:\/\/www.suomi-ranska.com\/teknillistieteellinen\/19-11-2020-englanninkielinen-webinaari-aiheestacircular-economy-for-the-wood-products-industry\/","title":{"rendered":"19.11.2020 englanninkielinen webinaari aiheesta:Circular economy for the wood products industry"},"content":{"rendered":"<p>[et_pb_section fb_built=&#8221;1&#8243; _builder_version=&#8221;4.16&#8243; custom_padding=&#8221;1px||6px|||&#8221; global_colors_info=&#8221;{}&#8221;][et_pb_row _builder_version=&#8221;4.22.2&#8243; _module_preset=&#8221;default&#8221; global_colors_info=&#8221;{}&#8221;][et_pb_column type=&#8221;4_4&#8243; _builder_version=&#8221;4.22.2&#8243; _module_preset=&#8221;default&#8221; global_colors_info=&#8221;{}&#8221;][et_pb_text _builder_version=&#8221;4.22.2&#8243; _module_preset=&#8221;default&#8221; header_2_font_size=&#8221;24px&#8221; header_2_line_height=&#8221;1.5em&#8221; hover_enabled=&#8221;0&#8243; global_colors_info=&#8221;{}&#8221; sticky_enabled=&#8221;0&#8243;]<\/p>\n<p>Webinaari puhujina toimivat<span>\u00a0<\/span><strong>fil. tri Anne-Christine Ritschkoff<\/strong><span>\u00a0<\/span>ja<span>\u00a0<\/span><strong>tri \u00a0Andreas Kleinschmit von Lengefeld Ranskasta.\u00a0<\/strong><\/p>\n<p>Fil.tri<span>\u00a0<\/span><strong>Anne-Christine Ritschkoff<\/strong><span>\u00a0<\/span>on ollut monissa VTT:n teht\u00e4viss\u00e4 vuodesta 1987. \u201dSenior adviseriksi\u201d h\u00e4n siirtyi toimittuaan tieteellisen ja teknisen tutkimuksen johtajana.<\/p>\n<p>Tri<span>\u00a0<\/span><strong>Andreas Kleinschmit von Lengefeld<\/strong><span>\u00a0<\/span>on kansainv\u00e4listen operaatioiden johtaja ranskalaisessa FCBA:ssa, joka on ranskalainen metsiin, selluloosaan ja puurakentamiseen keskittynyt instituutti.<\/p>\n<p>Puhujat selvittiv\u00e4t kiertotalouden perusteita ja sen vaikutuksia puuteollisuudessa useiden esimerkkien valossa. Kiertotalouden merkitys korostuu kasvavien ymp\u00e4rist\u00f6vaatimustenkin vuoksi, ja on alalla t\u00e4rke\u00e4 tekij\u00e4 tulevaisuudessa.<\/p>\n<p>Linkki esitelm\u00e4\u00e4n (<span>\u00a0<\/span><a href=\"https:\/\/www.suomi-ranska.com\/teknillistieteellinen\/wp-content\/uploads\/sites\/33\/2020\/11\/Presentation_Anne-Andreas_191120_final-2.pdf\">Presentation_Anne Andreas_191120_final<\/a>)<\/p>\n<p>[\/et_pb_text][\/et_pb_column][\/et_pb_row][\/et_pb_section]<\/p>\n","protected":false},"excerpt":{"rendered":"<p>Webinaari puhujina toimivat\u00a0fil. tri Anne-Christine Ritschkoff\u00a0ja\u00a0tri \u00a0Andreas Kleinschmit von Lengefeld Ranskasta.\u00a0 Fil.tri\u00a0Anne-Christine Ritschkoff\u00a0on ollut monissa VTT:n teht\u00e4viss\u00e4 vuodesta 1987. \u201dSenior adviseriksi\u201d h\u00e4n siirtyi toimittuaan tieteellisen ja teknisen tutkimuksen johtajana. Tri\u00a0Andreas Kleinschmit von Lengefeld\u00a0on kansainv\u00e4listen operaatioiden johtaja ranskalaisessa FCBA:ssa, joka on ranskalainen metsiin, selluloosaan ja puurakentamiseen keskittynyt instituutti. Puhujat selvittiv\u00e4t kiertotalouden perusteita ja sen vaikutuksia puuteollisuudessa [&hellip;]<\/p>\n","protected":false},"author":1,"featured_media":0,"comment_status":"closed","ping_status":"closed","sticky":false,"template":"","format":"standard","meta":{"_et_pb_use_builder":"on","_et_pb_old_content":"<!-- wp:paragraph -->\n<p>Welcome to WordPress. This is your first post. Edit or delete it, then start writing!<\/p>\n<!-- \/wp:paragraph -->","_et_gb_content_width":"1080","footnotes":""},"categories":[13,4,8],"tags":[],"class_list":["post-1202","post","type-post","status-publish","format-standard","hentry","category-menneet-tapahtumat","category-tapahtumat","category-tapahtumat-2020"],"_links":{"self":[{"href":"https:\/\/www.suomi-ranska.com\/teknillistieteellinen\/wp-json\/wp\/v2\/posts\/1202","targetHints":{"allow":["GET"]}}],"collection":[{"href":"https:\/\/www.suomi-ranska.com\/teknillistieteellinen\/wp-json\/wp\/v2\/posts"}],"about":[{"href":"https:\/\/www.suomi-ranska.com\/teknillistieteellinen\/wp-json\/wp\/v2\/types\/post"}],"author":[{"embeddable":true,"href":"https:\/\/www.suomi-ranska.com\/teknillistieteellinen\/wp-json\/wp\/v2\/users\/1"}],"replies":[{"embeddable":true,"href":"https:\/\/www.suomi-ranska.com\/teknillistieteellinen\/wp-json\/wp\/v2\/comments?post=1202"}],"version-history":[{"count":2,"href":"https:\/\/www.suomi-ranska.com\/teknillistieteellinen\/wp-json\/wp\/v2\/posts\/1202\/revisions"}],"predecessor-version":[{"id":1204,"href":"https:\/\/www.suomi-ranska.com\/teknillistieteellinen\/wp-json\/wp\/v2\/posts\/1202\/revisions\/1204"}],"wp:attachment":[{"href":"https:\/\/www.suomi-ranska.com\/teknillistieteellinen\/wp-json\/wp\/v2\/media?parent=1202"}],"wp:term":[{"taxonomy":"category","embeddable":true,"href":"https:\/\/www.suomi-ranska.com\/teknillistieteellinen\/wp-json\/wp\/v2\/categories?post=1202"},{"taxonomy":"post_tag","embeddable":true,"href":"https:\/\/www.suomi-ranska.com\/teknillistieteellinen\/wp-json\/wp\/v2\/tags?post=1202"}],"curies":[{"name":"wp","href":"https:\/\/api.w.org\/{rel}","templated":true}]}}