{"id":1232,"date":"2019-11-21T08:53:25","date_gmt":"2019-11-21T08:53:25","guid":{"rendered":"https:\/\/www.suomi-ranska.com\/teknillistieteellinen\/?p=1232"},"modified":"2023-10-21T09:10:33","modified_gmt":"2023-10-21T09:10:33","slug":"21-11-2019-itameri-seminaari-annantalossa-helsingissa","status":"publish","type":"post","link":"https:\/\/www.suomi-ranska.com\/teknillistieteellinen\/21-11-2019-itameri-seminaari-annantalossa-helsingissa\/","title":{"rendered":"21.11.2019 It\u00e4meri-seminaari Annantalossa Helsingiss\u00e4"},"content":{"rendered":"<p>[et_pb_section fb_built=&#8221;1&#8243; _builder_version=&#8221;4.16&#8243; custom_padding=&#8221;1px||6px|||&#8221; global_colors_info=&#8221;{}&#8221;][et_pb_row _builder_version=&#8221;4.22.2&#8243; _module_preset=&#8221;default&#8221; global_colors_info=&#8221;{}&#8221;][et_pb_column type=&#8221;4_4&#8243; _builder_version=&#8221;4.22.2&#8243; _module_preset=&#8221;default&#8221; global_colors_info=&#8221;{}&#8221;][et_pb_text _builder_version=&#8221;4.22.2&#8243; _module_preset=&#8221;default&#8221; header_2_font_size=&#8221;24px&#8221; header_2_line_height=&#8221;1.5em&#8221; hover_enabled=&#8221;0&#8243; global_colors_info=&#8221;{}&#8221; sticky_enabled=&#8221;0&#8243;]<\/p>\n<p>Kuusi asiantuntijaa kertoi Viimeaikaisista havainnoista ja tutkimustuloksista. Saatiin tietoa meren nykytilasta, sit\u00e4 rasittavista p\u00e4\u00e4st\u00f6ist\u00e4, lev\u00e4kukinnoista, samoin kuin meren el\u00e4inmaailman muutoksista. Paneelin teemana oli: \u201dmiten It\u00e4meri pelastetaan\u201d. Tutkijoiden mukaan meri voidaan pelastaa, ja siihen on tarjolla useita keinoja, mutta toimeen pit\u00e4\u00e4 ryhty\u00e4!<\/p>\n<p>Kuvassa erikoistutkija Seppo Knuuttila kertoo It\u00e4meren tilasta. Seminaarin vet\u00e4j\u00e4, prof. Jorma Routti tarkkailee.<\/p>\n<p>[\/et_pb_text][\/et_pb_column][\/et_pb_row][et_pb_row _builder_version=&#8221;4.22.2&#8243; _module_preset=&#8221;default&#8221; global_colors_info=&#8221;{}&#8221;][et_pb_column type=&#8221;4_4&#8243; _builder_version=&#8221;4.22.2&#8243; _module_preset=&#8221;default&#8221; global_colors_info=&#8221;{}&#8221;][et_pb_image src=&#8221;https:\/\/www.suomi-ranska.com\/teknillistieteellinen\/wp-content\/uploads\/2019\/11\/seppo-ja-yleiso-e1574768418457.jpg&#8221; title_text=&#8221;seppo ja yleis\u00f6&#8221; _builder_version=&#8221;4.22.2&#8243; _module_preset=&#8221;default&#8221; hover_enabled=&#8221;0&#8243; global_colors_info=&#8221;{}&#8221; sticky_enabled=&#8221;0&#8243;][\/et_pb_image][\/et_pb_column][\/et_pb_row][\/et_pb_section]<\/p>\n","protected":false},"excerpt":{"rendered":"<p>Kuusi asiantuntijaa kertoi Viimeaikaisista havainnoista ja tutkimustuloksista. Saatiin tietoa meren nykytilasta, sit\u00e4 rasittavista p\u00e4\u00e4st\u00f6ist\u00e4, lev\u00e4kukinnoista, samoin kuin meren el\u00e4inmaailman muutoksista. Paneelin teemana oli: \u201dmiten It\u00e4meri pelastetaan\u201d. Tutkijoiden mukaan meri voidaan pelastaa, ja siihen on tarjolla useita keinoja, mutta toimeen pit\u00e4\u00e4 ryhty\u00e4! Kuvassa erikoistutkija Seppo Knuuttila kertoo It\u00e4meren tilasta. Seminaarin vet\u00e4j\u00e4, prof. Jorma Routti tarkkailee.<\/p>\n","protected":false},"author":1,"featured_media":0,"comment_status":"closed","ping_status":"closed","sticky":false,"template":"","format":"standard","meta":{"_et_pb_use_builder":"on","_et_pb_old_content":"<!-- wp:paragraph -->\n<p>Welcome to WordPress. This is your first post. Edit or delete it, then start writing!<\/p>\n<!-- \/wp:paragraph -->","_et_gb_content_width":"1080","footnotes":""},"categories":[13,4,9],"tags":[],"class_list":["post-1232","post","type-post","status-publish","format-standard","hentry","category-menneet-tapahtumat","category-tapahtumat","category-tapahtumat-2019"],"_links":{"self":[{"href":"https:\/\/www.suomi-ranska.com\/teknillistieteellinen\/wp-json\/wp\/v2\/posts\/1232","targetHints":{"allow":["GET"]}}],"collection":[{"href":"https:\/\/www.suomi-ranska.com\/teknillistieteellinen\/wp-json\/wp\/v2\/posts"}],"about":[{"href":"https:\/\/www.suomi-ranska.com\/teknillistieteellinen\/wp-json\/wp\/v2\/types\/post"}],"author":[{"embeddable":true,"href":"https:\/\/www.suomi-ranska.com\/teknillistieteellinen\/wp-json\/wp\/v2\/users\/1"}],"replies":[{"embeddable":true,"href":"https:\/\/www.suomi-ranska.com\/teknillistieteellinen\/wp-json\/wp\/v2\/comments?post=1232"}],"version-history":[{"count":2,"href":"https:\/\/www.suomi-ranska.com\/teknillistieteellinen\/wp-json\/wp\/v2\/posts\/1232\/revisions"}],"predecessor-version":[{"id":1234,"href":"https:\/\/www.suomi-ranska.com\/teknillistieteellinen\/wp-json\/wp\/v2\/posts\/1232\/revisions\/1234"}],"wp:attachment":[{"href":"https:\/\/www.suomi-ranska.com\/teknillistieteellinen\/wp-json\/wp\/v2\/media?parent=1232"}],"wp:term":[{"taxonomy":"category","embeddable":true,"href":"https:\/\/www.suomi-ranska.com\/teknillistieteellinen\/wp-json\/wp\/v2\/categories?post=1232"},{"taxonomy":"post_tag","embeddable":true,"href":"https:\/\/www.suomi-ranska.com\/teknillistieteellinen\/wp-json\/wp\/v2\/tags?post=1232"}],"curies":[{"name":"wp","href":"https:\/\/api.w.org\/{rel}","templated":true}]}}