{"id":1235,"date":"2019-05-21T08:55:44","date_gmt":"2019-05-21T08:55:44","guid":{"rendered":"https:\/\/www.suomi-ranska.com\/teknillistieteellinen\/?p=1235"},"modified":"2023-10-21T08:57:56","modified_gmt":"2023-10-21T08:57:56","slug":"23-5-2019-vastaanotto-ranskan-suurlahetystossa","status":"publish","type":"post","link":"https:\/\/www.suomi-ranska.com\/teknillistieteellinen\/23-5-2019-vastaanotto-ranskan-suurlahetystossa\/","title":{"rendered":"23.5.2019 vastaanotto Ranskan suurl\u00e4hetyst\u00f6ss\u00e4"},"content":{"rendered":"<p>[et_pb_section fb_built=&#8221;1&#8243; _builder_version=&#8221;4.16&#8243; custom_padding=&#8221;1px||6px|||&#8221; global_colors_info=&#8221;{}&#8221;][et_pb_row _builder_version=&#8221;4.22.2&#8243; _module_preset=&#8221;default&#8221; global_colors_info=&#8221;{}&#8221;][et_pb_column type=&#8221;4_4&#8243; _builder_version=&#8221;4.22.2&#8243; _module_preset=&#8221;default&#8221; global_colors_info=&#8221;{}&#8221;][et_pb_text _builder_version=&#8221;4.22.2&#8243; _module_preset=&#8221;default&#8221; header_2_font_size=&#8221;24px&#8221; header_2_line_height=&#8221;1.5em&#8221; hover_enabled=&#8221;0&#8243; global_colors_info=&#8221;{}&#8221; sticky_enabled=&#8221;0&#8243;]<\/p>\n<p>Ranskan suurl\u00e4hettil\u00e4s Serge Tomasi oli kutsunut suomalais-ranskalaisten seurojen edustajia suurl\u00e4hetyst\u00f6\u00f6n. Paikalla oli kolmisenkymment\u00e4 seurojen edustajaa, SRTTS:\u00e4\u00e4 edusti pj. Markku \u00c4\u00e4rimaa.<\/p>\n<p>Suurl\u00e4hettil\u00e4s kertoi ajankohtaisia kuulumisia mm. Suomen ja Ranskan diplomaattitason tapahtumista. Asiat tuntuvat olevan maidemme v\u00e4lill\u00e4 hyv\u00e4ll\u00e4 tolalla, ja suurl\u00e4hettil\u00e4s esitti toivomuksen lis\u00e4\u00e4ntyv\u00e4st\u00e4 yhteisty\u00f6st\u00e4 my\u00f6s ruohonjuuritason, esim. seurojen kanssa. H\u00e4n pahoitteli, ett\u00e4 p\u00e4\u00e4kaupunkiseutu on vienyt l\u00e4hetyst\u00f6n ajasta leijonan osan, mutta kertoi tarkoituksesta laajentaa toimintakentt\u00e4\u00e4 enemm\u00e4n my\u00f6s maamme paikallistasolle.<\/p>\n<p>[\/et_pb_text][\/et_pb_column][\/et_pb_row][et_pb_row _builder_version=&#8221;4.22.2&#8243; _module_preset=&#8221;default&#8221; global_colors_info=&#8221;{}&#8221;][et_pb_column type=&#8221;4_4&#8243; _builder_version=&#8221;4.22.2&#8243; _module_preset=&#8221;default&#8221; global_colors_info=&#8221;{}&#8221;][et_pb_image src=&#8221;https:\/\/www.suomi-ranska.com\/teknillistieteellinen\/wp-content\/uploads\/2019\/11\/IMG_20190523_173933-scaled.jpg&#8221; title_text=&#8221;IMG_20190523_173933&#8243; _builder_version=&#8221;4.22.2&#8243; _module_preset=&#8221;default&#8221; hover_enabled=&#8221;0&#8243; global_colors_info=&#8221;{}&#8221; sticky_enabled=&#8221;0&#8243;][\/et_pb_image][et_pb_text _builder_version=&#8221;4.22.2&#8243; _module_preset=&#8221;default&#8221; hover_enabled=&#8221;0&#8243; sticky_enabled=&#8221;0&#8243;]<\/p>\n<p><span>Tilaisuudessa Suomi-Ranska yhdistysten liitto jakoi stipendeja. Kuvassa vasemmalta: Therese Alm\u00e9n ja Jaana Sormunen SRYL:st\u00e4, stipendin saajana Jaana Sormunen ja tilannetta seuraamassa suurl\u00e4hettil\u00e4s Serge Tomasi.<\/span><\/p>\n<p>[\/et_pb_text][\/et_pb_column][\/et_pb_row][\/et_pb_section]<\/p>\n","protected":false},"excerpt":{"rendered":"<p>Ranskan suurl\u00e4hettil\u00e4s Serge Tomasi oli kutsunut suomalais-ranskalaisten seurojen edustajia suurl\u00e4hetyst\u00f6\u00f6n. Paikalla oli kolmisenkymment\u00e4 seurojen edustajaa, SRTTS:\u00e4\u00e4 edusti pj. Markku \u00c4\u00e4rimaa. Suurl\u00e4hettil\u00e4s kertoi ajankohtaisia kuulumisia mm. Suomen ja Ranskan diplomaattitason tapahtumista. Asiat tuntuvat olevan maidemme v\u00e4lill\u00e4 hyv\u00e4ll\u00e4 tolalla, ja suurl\u00e4hettil\u00e4s esitti toivomuksen lis\u00e4\u00e4ntyv\u00e4st\u00e4 yhteisty\u00f6st\u00e4 my\u00f6s ruohonjuuritason, esim. seurojen kanssa. H\u00e4n pahoitteli, ett\u00e4 p\u00e4\u00e4kaupunkiseutu on vienyt l\u00e4hetyst\u00f6n [&hellip;]<\/p>\n","protected":false},"author":1,"featured_media":0,"comment_status":"closed","ping_status":"closed","sticky":false,"template":"","format":"standard","meta":{"_et_pb_use_builder":"on","_et_pb_old_content":"<!-- wp:paragraph -->\n<p>Welcome to WordPress. This is your first post. Edit or delete it, then start writing!<\/p>\n<!-- \/wp:paragraph -->","_et_gb_content_width":"1080","footnotes":""},"categories":[13,4,9],"tags":[],"class_list":["post-1235","post","type-post","status-publish","format-standard","hentry","category-menneet-tapahtumat","category-tapahtumat","category-tapahtumat-2019"],"_links":{"self":[{"href":"https:\/\/www.suomi-ranska.com\/teknillistieteellinen\/wp-json\/wp\/v2\/posts\/1235","targetHints":{"allow":["GET"]}}],"collection":[{"href":"https:\/\/www.suomi-ranska.com\/teknillistieteellinen\/wp-json\/wp\/v2\/posts"}],"about":[{"href":"https:\/\/www.suomi-ranska.com\/teknillistieteellinen\/wp-json\/wp\/v2\/types\/post"}],"author":[{"embeddable":true,"href":"https:\/\/www.suomi-ranska.com\/teknillistieteellinen\/wp-json\/wp\/v2\/users\/1"}],"replies":[{"embeddable":true,"href":"https:\/\/www.suomi-ranska.com\/teknillistieteellinen\/wp-json\/wp\/v2\/comments?post=1235"}],"version-history":[{"count":2,"href":"https:\/\/www.suomi-ranska.com\/teknillistieteellinen\/wp-json\/wp\/v2\/posts\/1235\/revisions"}],"predecessor-version":[{"id":1237,"href":"https:\/\/www.suomi-ranska.com\/teknillistieteellinen\/wp-json\/wp\/v2\/posts\/1235\/revisions\/1237"}],"wp:attachment":[{"href":"https:\/\/www.suomi-ranska.com\/teknillistieteellinen\/wp-json\/wp\/v2\/media?parent=1235"}],"wp:term":[{"taxonomy":"category","embeddable":true,"href":"https:\/\/www.suomi-ranska.com\/teknillistieteellinen\/wp-json\/wp\/v2\/categories?post=1235"},{"taxonomy":"post_tag","embeddable":true,"href":"https:\/\/www.suomi-ranska.com\/teknillistieteellinen\/wp-json\/wp\/v2\/tags?post=1235"}],"curies":[{"name":"wp","href":"https:\/\/api.w.org\/{rel}","templated":true}]}}