{"id":1238,"date":"2019-04-11T08:59:30","date_gmt":"2019-04-11T08:59:30","guid":{"rendered":"https:\/\/www.suomi-ranska.com\/teknillistieteellinen\/?p=1238"},"modified":"2023-10-21T09:10:19","modified_gmt":"2023-10-21T09:10:19","slug":"3-10-4-2019-tiedetta-tekniikkaa-ja-kulttuuria-matka-toulouseen-ja-dordogneen","status":"publish","type":"post","link":"https:\/\/www.suomi-ranska.com\/teknillistieteellinen\/3-10-4-2019-tiedetta-tekniikkaa-ja-kulttuuria-matka-toulouseen-ja-dordogneen\/","title":{"rendered":"3.-10.4.2019 TIEDETT\u00c4, TEKNIIKKAA JA KULTTUURIA, MATKA TOULOUSEEN JA DORDOGNEEN"},"content":{"rendered":"<p>[et_pb_section fb_built=&#8221;1&#8243; _builder_version=&#8221;4.16&#8243; custom_padding=&#8221;1px||6px|||&#8221; global_colors_info=&#8221;{}&#8221;][et_pb_row _builder_version=&#8221;4.22.2&#8243; _module_preset=&#8221;default&#8221; global_colors_info=&#8221;{}&#8221; custom_padding=&#8221;||14px|||&#8221;][et_pb_column type=&#8221;4_4&#8243; _builder_version=&#8221;4.22.2&#8243; _module_preset=&#8221;default&#8221; global_colors_info=&#8221;{}&#8221;][et_pb_text _builder_version=&#8221;4.22.2&#8243; _module_preset=&#8221;default&#8221; header_2_font_size=&#8221;24px&#8221; header_2_line_height=&#8221;1.5em&#8221; hover_enabled=&#8221;0&#8243; global_colors_info=&#8221;{}&#8221; sticky_enabled=&#8221;0&#8243;]<\/p>\n<p><span>Suomalais-ranskalainen teknillistieteellinen seura j\u00e4rjesti Etel\u00e4-Ranskaan matkan, jolle osallistui 23 tieteest\u00e4 ja tekniikasta kiinnostunutta.<\/span><\/p>\n<p>[\/et_pb_text][\/et_pb_column][\/et_pb_row][et_pb_row _builder_version=&#8221;4.22.2&#8243; _module_preset=&#8221;default&#8221; global_colors_info=&#8221;{}&#8221; custom_padding=&#8221;11px|||||&#8221;][et_pb_column type=&#8221;4_4&#8243; _builder_version=&#8221;4.22.2&#8243; _module_preset=&#8221;default&#8221; global_colors_info=&#8221;{}&#8221;][et_pb_image src=&#8221;https:\/\/www.suomi-ranska.com\/teknillistieteellinen\/wp-content\/uploads\/2021\/04\/IMG_20190405_114523-scaled.jpg&#8221; title_text=&#8221;IMG_20190405_114523&#8243; _builder_version=&#8221;4.22.2&#8243; _module_preset=&#8221;default&#8221; hover_enabled=&#8221;0&#8243; global_colors_info=&#8221;{}&#8221; sticky_enabled=&#8221;0&#8243; custom_margin=&#8221;||12px|||&#8221;][\/et_pb_image][et_pb_text _builder_version=&#8221;4.22.2&#8243; _module_preset=&#8221;default&#8221; hover_enabled=&#8221;0&#8243; global_colors_info=&#8221;{}&#8221; text_text_color=&#8221;#000000&#8243; sticky_enabled=&#8221;0&#8243;]<\/p>\n<p>Matkalla tutustuimme Airbus-koneiden valmistamiseen ja avaruusteknologiaan Toulousessa.<br \/>Tehdas-alueella on my\u00f6s A\u00e9roscopia-museo, jossa oli esill\u00e4 lukuisia lentolaitteita ilmailun alusta nykyp\u00e4iv\u00e4\u00e4n. Oppaamme selvitti ilmailun kehityst\u00e4, n\u00e4imme monia k\u00e4\u00e4nteentekev\u00e4 lentokonetyyppej\u00e4 ja kuulimme niiden tarinan. Esill\u00e4 oli my\u00f6s erikoisuuksia, mm. Airbus-malli, johon oli sisustettu olohuone, ty\u00f6huone, makuuhuone ja suihkutilat, ja tietenkin maailman ainoa \u00e4\u00e4nt\u00e4 nopeammin kulkenut matkustajalentokone Concorde, jonka ohjaamon ja matkustamon moni n\u00e4ki nyt ensi kertaa.<\/p>\n<p>Kuvassa ryhm\u00e4 on purkautumassa Airbusin A400M-kuljetuskoneesta<\/p>\n<p>[\/et_pb_text][et_pb_text _builder_version=&#8221;4.22.2&#8243; _module_preset=&#8221;default&#8221; hover_enabled=&#8221;0&#8243; sticky_enabled=&#8221;0&#8243;]<\/p>\n<p>Eurooppalainen kulttuuriperint\u00f6 oli kohteenamme my\u00f6s kiehtovassa ja omintakeisessa Dordognen departementissa, joka on kalkkikivivuorten, kivikautisten esi-isiemme asuttamien luolien, pyhiinvaeltajien, Temppeliherrojen ja kataarien aluetta. Matkalla kuultiin alueen historiasta, tutustuttiin tryffelien viljelemiseen ja moniin kiinnostaviin kohteisiin. Kulinarismikin sai matkalla merkitt\u00e4v\u00e4n osan, onhan seutu on kuuluisa my\u00f6s herkuistaan, joihin kuuluvat tryffelien lis\u00e4ksi mm. hanhenmaksa, vuohenjuusto, p\u00e4hkin\u00e4t ja musta Cahors-viini.<\/p>\n<p>[\/et_pb_text][\/et_pb_column][\/et_pb_row][\/et_pb_section]<\/p>\n","protected":false},"excerpt":{"rendered":"<p>Suomalais-ranskalainen teknillistieteellinen seura j\u00e4rjesti Etel\u00e4-Ranskaan matkan, jolle osallistui 23 tieteest\u00e4 ja tekniikasta kiinnostunutta.Matkalla tutustuimme Airbus-koneiden valmistamiseen ja avaruusteknologiaan Toulousessa.Tehdas-alueella on my\u00f6s A\u00e9roscopia-museo, jossa oli esill\u00e4 lukuisia lentolaitteita ilmailun alusta nykyp\u00e4iv\u00e4\u00e4n. Oppaamme selvitti ilmailun kehityst\u00e4, n\u00e4imme monia k\u00e4\u00e4nteentekev\u00e4 lentokonetyyppej\u00e4 ja kuulimme niiden tarinan. Esill\u00e4 oli my\u00f6s erikoisuuksia, mm. Airbus-malli, johon oli sisustettu olohuone, ty\u00f6huone, makuuhuone ja [&hellip;]<\/p>\n","protected":false},"author":1,"featured_media":0,"comment_status":"closed","ping_status":"closed","sticky":false,"template":"","format":"standard","meta":{"_et_pb_use_builder":"on","_et_pb_old_content":"<!-- wp:paragraph -->\n<p>Welcome to WordPress. This is your first post. Edit or delete it, then start writing!<\/p>\n<!-- \/wp:paragraph -->","_et_gb_content_width":"1080","footnotes":""},"categories":[13,4,9],"tags":[],"class_list":["post-1238","post","type-post","status-publish","format-standard","hentry","category-menneet-tapahtumat","category-tapahtumat","category-tapahtumat-2019"],"_links":{"self":[{"href":"https:\/\/www.suomi-ranska.com\/teknillistieteellinen\/wp-json\/wp\/v2\/posts\/1238","targetHints":{"allow":["GET"]}}],"collection":[{"href":"https:\/\/www.suomi-ranska.com\/teknillistieteellinen\/wp-json\/wp\/v2\/posts"}],"about":[{"href":"https:\/\/www.suomi-ranska.com\/teknillistieteellinen\/wp-json\/wp\/v2\/types\/post"}],"author":[{"embeddable":true,"href":"https:\/\/www.suomi-ranska.com\/teknillistieteellinen\/wp-json\/wp\/v2\/users\/1"}],"replies":[{"embeddable":true,"href":"https:\/\/www.suomi-ranska.com\/teknillistieteellinen\/wp-json\/wp\/v2\/comments?post=1238"}],"version-history":[{"count":2,"href":"https:\/\/www.suomi-ranska.com\/teknillistieteellinen\/wp-json\/wp\/v2\/posts\/1238\/revisions"}],"predecessor-version":[{"id":1241,"href":"https:\/\/www.suomi-ranska.com\/teknillistieteellinen\/wp-json\/wp\/v2\/posts\/1238\/revisions\/1241"}],"wp:attachment":[{"href":"https:\/\/www.suomi-ranska.com\/teknillistieteellinen\/wp-json\/wp\/v2\/media?parent=1238"}],"wp:term":[{"taxonomy":"category","embeddable":true,"href":"https:\/\/www.suomi-ranska.com\/teknillistieteellinen\/wp-json\/wp\/v2\/categories?post=1238"},{"taxonomy":"post_tag","embeddable":true,"href":"https:\/\/www.suomi-ranska.com\/teknillistieteellinen\/wp-json\/wp\/v2\/tags?post=1238"}],"curies":[{"name":"wp","href":"https:\/\/api.w.org\/{rel}","templated":true}]}}