{"id":1248,"date":"2023-03-15T09:19:47","date_gmt":"2023-03-15T09:19:47","guid":{"rendered":"https:\/\/www.suomi-ranska.com\/teknillistieteellinen\/?p=1248"},"modified":"2023-10-21T09:20:42","modified_gmt":"2023-10-21T09:20:42","slug":"seminaari-tampere-15-3-2018","status":"publish","type":"post","link":"https:\/\/www.suomi-ranska.com\/teknillistieteellinen\/seminaari-tampere-15-3-2018\/","title":{"rendered":"Seminaari Tampere 15.3.2018"},"content":{"rendered":"<p>[et_pb_section fb_built=&#8221;1&#8243; _builder_version=&#8221;4.16&#8243; custom_padding=&#8221;1px||6px|||&#8221; global_colors_info=&#8221;{}&#8221;][et_pb_row _builder_version=&#8221;4.22.2&#8243; _module_preset=&#8221;default&#8221; global_colors_info=&#8221;{}&#8221;][et_pb_column type=&#8221;4_4&#8243; _builder_version=&#8221;4.22.2&#8243; _module_preset=&#8221;default&#8221; global_colors_info=&#8221;{}&#8221;][et_pb_text _builder_version=&#8221;4.22.2&#8243; _module_preset=&#8221;default&#8221; header_2_font_size=&#8221;24px&#8221; header_2_line_height=&#8221;1.5em&#8221; hover_enabled=&#8221;0&#8243; global_colors_info=&#8221;{}&#8221; sticky_enabled=&#8221;0&#8243;]<\/p>\n<p>Seura j\u00e4rjesti torstaina \u00a015.3.\u00a0seminaarin Tampereen Yliopiston rauhan- konfliktintutkimuskeskuksessa (Tapri),\u00a0\u00a0yhdess\u00e4 Turun ja<span>\u00a0<\/span><a href=\"https:\/\/cercledetampere.wordpress.com\/\">Tampereen Cercle<\/a><span>\u00a0<\/span>Fran\u00e7aisien kanssa.<\/p>\n<p>Tilaisuuden avasi Taprin tutkimusjohtaja professori Tarja V\u00e4yrynen, joka kertoi laitoksen taustoista, tutkimuskohteista ja toiminnasta. H\u00e4n my\u00f6s esitteli illan luennoitsijat, yliopistotutkija \u00c9lise Feronin ja tutkijatohtori Tiina Vaittisen.<\/p>\n<p>\u00c9lise F\u00e9ron on tehnyt tutkimusty\u00f6t\u00e4 Keski-Afrikan \u00a0useilla sota-alueilla. H\u00e4nen otsikkonaan oli: \u201dViolences sexuelles contre les hommes en zones de guerre: les enjeux sociaux et sanitaires.\u00a0\u00bb Esitelm\u00e4 oli uusi n\u00e4k\u00f6kulma sotien seksuaaliseen v\u00e4kivaltaan, jonka kohteiksi johtuvat my\u00f6s miehet, l\u00e4hes yht\u00e4 usein kuin naiset. Feron piti suurena puutteena sit\u00e4, ett\u00e4 miesten osalta asiasta ei ole mahdollista saada oikeaa k\u00e4sityst\u00e4 siit\u00e4k\u00e4\u00e4n syyst\u00e4, ett\u00e4 toisin kuin naisten osalta, miesten kokema sukupuolinen v\u00e4kivalta tilastoidaan usein pelk\u00e4st\u00e4\u00e4n yleisnimell\u00e4 \u201dkidutus\u201d, jolloin kidutuksen luonne ei paljastu. Kuitenkin sukupuolinen v\u00e4kivalta on usein j\u00e4rjestelm\u00e4llist\u00e4, ja sen tarkoituksena on sosiaalisten rakenteiden hajottaminen.<\/p>\n<p>Tutkijatohtori Tiina Vaittisen otsikkona oli: \u201dFeministisen rauhantutkimuksen n\u00e4k\u00f6kulmia globaaliin sosiaali- ja terveyspolitiikkaan.\u201d Vaittisen n\u00e4k\u00f6kulma rauhantutkimukseen olikin varsin omintakeinen, h\u00e4n kertoi tutkimuksistaan vanhainkodissa. H\u00e4nen kiinnostuksensa kohteena oli ollut hankalan ja v\u00e4kivaltaisesti k\u00e4ytt\u00e4ytyv\u00e4n vanhuksen hoitaminen. Konflikti hoidettavan ja hoitajien v\u00e4lill\u00e4 syntyy, kun hoidettava ei ymm\u00e4rr\u00e4, miksi h\u00e4nelt\u00e4 riisutaan vaatteita ja pest\u00e4\u00e4n. Tilanne voi johtaa k\u00e4sirysyyn.<\/p>\n<p>T\u00e4ss\u00e4 on er\u00e4\u00e4nlainen konfliktitilanteen perustyyppi, jonka ratkaisuksi pit\u00e4isi l\u00f6yt\u00e4\u00e4\u00a0oikeanlainen kommunikointitapa.<\/p>\n<p>[\/et_pb_text][\/et_pb_column][\/et_pb_row][et_pb_row _builder_version=&#8221;4.22.2&#8243; _module_preset=&#8221;default&#8221; custom_padding=&#8221;6px|||||&#8221; global_colors_info=&#8221;{}&#8221;][et_pb_column type=&#8221;4_4&#8243; _builder_version=&#8221;4.22.2&#8243; _module_preset=&#8221;default&#8221; global_colors_info=&#8221;{}&#8221;][\/et_pb_column][\/et_pb_row][\/et_pb_section]<\/p>\n","protected":false},"excerpt":{"rendered":"<p>Seura j\u00e4rjesti torstaina \u00a015.3.\u00a0seminaarin Tampereen Yliopiston rauhan- konfliktintutkimuskeskuksessa (Tapri),\u00a0\u00a0yhdess\u00e4 Turun ja\u00a0Tampereen Cercle\u00a0Fran\u00e7aisien kanssa. Tilaisuuden avasi Taprin tutkimusjohtaja professori Tarja V\u00e4yrynen, joka kertoi laitoksen taustoista, tutkimuskohteista ja toiminnasta. H\u00e4n my\u00f6s esitteli illan luennoitsijat, yliopistotutkija \u00c9lise Feronin ja tutkijatohtori Tiina Vaittisen. \u00c9lise F\u00e9ron on tehnyt tutkimusty\u00f6t\u00e4 Keski-Afrikan \u00a0useilla sota-alueilla. H\u00e4nen otsikkonaan oli: \u201dViolences sexuelles contre les hommes [&hellip;]<\/p>\n","protected":false},"author":1,"featured_media":0,"comment_status":"closed","ping_status":"closed","sticky":false,"template":"","format":"standard","meta":{"_et_pb_use_builder":"on","_et_pb_old_content":"<!-- wp:paragraph -->\n<p>Welcome to WordPress. This is your first post. Edit or delete it, then start writing!<\/p>\n<!-- \/wp:paragraph -->","_et_gb_content_width":"1080","footnotes":""},"categories":[13,4,10],"tags":[],"class_list":["post-1248","post","type-post","status-publish","format-standard","hentry","category-menneet-tapahtumat","category-tapahtumat","category-tapahtumat-2018"],"_links":{"self":[{"href":"https:\/\/www.suomi-ranska.com\/teknillistieteellinen\/wp-json\/wp\/v2\/posts\/1248","targetHints":{"allow":["GET"]}}],"collection":[{"href":"https:\/\/www.suomi-ranska.com\/teknillistieteellinen\/wp-json\/wp\/v2\/posts"}],"about":[{"href":"https:\/\/www.suomi-ranska.com\/teknillistieteellinen\/wp-json\/wp\/v2\/types\/post"}],"author":[{"embeddable":true,"href":"https:\/\/www.suomi-ranska.com\/teknillistieteellinen\/wp-json\/wp\/v2\/users\/1"}],"replies":[{"embeddable":true,"href":"https:\/\/www.suomi-ranska.com\/teknillistieteellinen\/wp-json\/wp\/v2\/comments?post=1248"}],"version-history":[{"count":2,"href":"https:\/\/www.suomi-ranska.com\/teknillistieteellinen\/wp-json\/wp\/v2\/posts\/1248\/revisions"}],"predecessor-version":[{"id":1250,"href":"https:\/\/www.suomi-ranska.com\/teknillistieteellinen\/wp-json\/wp\/v2\/posts\/1248\/revisions\/1250"}],"wp:attachment":[{"href":"https:\/\/www.suomi-ranska.com\/teknillistieteellinen\/wp-json\/wp\/v2\/media?parent=1248"}],"wp:term":[{"taxonomy":"category","embeddable":true,"href":"https:\/\/www.suomi-ranska.com\/teknillistieteellinen\/wp-json\/wp\/v2\/categories?post=1248"},{"taxonomy":"post_tag","embeddable":true,"href":"https:\/\/www.suomi-ranska.com\/teknillistieteellinen\/wp-json\/wp\/v2\/tags?post=1248"}],"curies":[{"name":"wp","href":"https:\/\/api.w.org\/{rel}","templated":true}]}}