{"id":1251,"date":"2018-02-07T09:21:04","date_gmt":"2018-02-07T09:21:04","guid":{"rendered":"https:\/\/www.suomi-ranska.com\/teknillistieteellinen\/?p=1251"},"modified":"2023-10-21T09:24:00","modified_gmt":"2023-10-21T09:24:00","slug":"vastaanotto-ranskan-suurlahetystossa-7-2-2018","status":"publish","type":"post","link":"https:\/\/www.suomi-ranska.com\/teknillistieteellinen\/vastaanotto-ranskan-suurlahetystossa-7-2-2018\/","title":{"rendered":"Vastaanotto Ranskan suurl\u00e4hetyst\u00f6ss\u00e4 7.2.2018"},"content":{"rendered":"<p>[et_pb_section fb_built=&#8221;1&#8243; _builder_version=&#8221;4.16&#8243; custom_padding=&#8221;1px||6px|||&#8221; global_colors_info=&#8221;{}&#8221;][et_pb_row _builder_version=&#8221;4.22.2&#8243; _module_preset=&#8221;default&#8221; global_colors_info=&#8221;{}&#8221;][et_pb_column type=&#8221;4_4&#8243; _builder_version=&#8221;4.22.2&#8243; _module_preset=&#8221;default&#8221; global_colors_info=&#8221;{}&#8221;][et_pb_text _builder_version=&#8221;4.22.2&#8243; _module_preset=&#8221;default&#8221; header_2_font_size=&#8221;24px&#8221; header_2_line_height=&#8221;1.5em&#8221; hover_enabled=&#8221;0&#8243; global_colors_info=&#8221;{}&#8221; sticky_enabled=&#8221;0&#8243; text_font_size=&#8221;16px&#8221;]<\/p>\n<p><em>Ranskan suurl\u00e4hettil\u00e4s<span>\u00a0<\/span><\/em><em>S. Exc.\u00a0 Monsieur Serge TOMASI j\u00e4rjesti suurl\u00e4hetyst\u00f6ss\u00e4 vastaanoton suomalais-ranskalaisten seurojen puheenjohtajille. <\/em><em>Suurl\u00e4hettil\u00e4s kertoi l\u00e4hetyst\u00f6n teht\u00e4vist\u00e4 ja Ranskan haasteista ja tavoitteista. H\u00e4n toivoi syvenev\u00e4\u00e4 yhteisty\u00f6t\u00e4 my\u00f6s suomalais-ranskalaisten seurojen kanssa.<\/em><\/p>\n<p>[\/et_pb_text][et_pb_image src=&#8221;https:\/\/www.suomi-ranska.com\/teknillistieteellinen\/wp-content\/uploads\/2019\/05\/ambassade-cr2-scaled.jpg&#8221; _builder_version=&#8221;4.22.2&#8243; _module_preset=&#8221;default&#8221; title_text=&#8221;ambassade cr2&#8243; hover_enabled=&#8221;0&#8243; sticky_enabled=&#8221;0&#8243; custom_margin=&#8221;||15px|||&#8221;][\/et_pb_image][et_pb_text _builder_version=&#8221;4.22.2&#8243; _module_preset=&#8221;default&#8221; header_2_font_size=&#8221;24px&#8221; header_2_line_height=&#8221;1.5em&#8221; hover_enabled=&#8221;0&#8243; global_colors_info=&#8221;{}&#8221; sticky_enabled=&#8221;0&#8243;]<\/p>\n<p>Kuvassa SRTTS:n puheenjohtaja Markku \u00c4\u00e4rimaa keskustelee suurl\u00e4hettil\u00e4s Serge Thomasin kanssa<\/p>\n<p>[\/et_pb_text][\/et_pb_column][\/et_pb_row][\/et_pb_section]<\/p>\n","protected":false},"excerpt":{"rendered":"<p>Ranskan suurl\u00e4hettil\u00e4s\u00a0S. Exc.\u00a0 Monsieur Serge TOMASI j\u00e4rjesti suurl\u00e4hetyst\u00f6ss\u00e4 vastaanoton suomalais-ranskalaisten seurojen puheenjohtajille. Suurl\u00e4hettil\u00e4s kertoi l\u00e4hetyst\u00f6n teht\u00e4vist\u00e4 ja Ranskan haasteista ja tavoitteista. H\u00e4n toivoi syvenev\u00e4\u00e4 yhteisty\u00f6t\u00e4 my\u00f6s suomalais-ranskalaisten seurojen kanssa.Kuvassa SRTTS:n puheenjohtaja Markku \u00c4\u00e4rimaa keskustelee suurl\u00e4hettil\u00e4s Serge Thomasin kanssa<\/p>\n","protected":false},"author":1,"featured_media":0,"comment_status":"closed","ping_status":"closed","sticky":false,"template":"","format":"standard","meta":{"_et_pb_use_builder":"on","_et_pb_old_content":"<!-- wp:paragraph -->\n<p>Welcome to WordPress. This is your first post. Edit or delete it, then start writing!<\/p>\n<!-- \/wp:paragraph -->","_et_gb_content_width":"1080","footnotes":""},"categories":[13,4,10],"tags":[],"class_list":["post-1251","post","type-post","status-publish","format-standard","hentry","category-menneet-tapahtumat","category-tapahtumat","category-tapahtumat-2018"],"_links":{"self":[{"href":"https:\/\/www.suomi-ranska.com\/teknillistieteellinen\/wp-json\/wp\/v2\/posts\/1251","targetHints":{"allow":["GET"]}}],"collection":[{"href":"https:\/\/www.suomi-ranska.com\/teknillistieteellinen\/wp-json\/wp\/v2\/posts"}],"about":[{"href":"https:\/\/www.suomi-ranska.com\/teknillistieteellinen\/wp-json\/wp\/v2\/types\/post"}],"author":[{"embeddable":true,"href":"https:\/\/www.suomi-ranska.com\/teknillistieteellinen\/wp-json\/wp\/v2\/users\/1"}],"replies":[{"embeddable":true,"href":"https:\/\/www.suomi-ranska.com\/teknillistieteellinen\/wp-json\/wp\/v2\/comments?post=1251"}],"version-history":[{"count":3,"href":"https:\/\/www.suomi-ranska.com\/teknillistieteellinen\/wp-json\/wp\/v2\/posts\/1251\/revisions"}],"predecessor-version":[{"id":1256,"href":"https:\/\/www.suomi-ranska.com\/teknillistieteellinen\/wp-json\/wp\/v2\/posts\/1251\/revisions\/1256"}],"wp:attachment":[{"href":"https:\/\/www.suomi-ranska.com\/teknillistieteellinen\/wp-json\/wp\/v2\/media?parent=1251"}],"wp:term":[{"taxonomy":"category","embeddable":true,"href":"https:\/\/www.suomi-ranska.com\/teknillistieteellinen\/wp-json\/wp\/v2\/categories?post=1251"},{"taxonomy":"post_tag","embeddable":true,"href":"https:\/\/www.suomi-ranska.com\/teknillistieteellinen\/wp-json\/wp\/v2\/tags?post=1251"}],"curies":[{"name":"wp","href":"https:\/\/api.w.org\/{rel}","templated":true}]}}