{"id":1280,"date":"2016-10-13T11:37:10","date_gmt":"2016-10-13T11:37:10","guid":{"rendered":"https:\/\/www.suomi-ranska.com\/teknillistieteellinen\/?p=1280"},"modified":"2023-10-21T11:38:31","modified_gmt":"2023-10-21T11:38:31","slug":"13-10-2016-esitelmatilaisuus-tiedekulmassa-ludvig-xiv-kuninkaallinen-peraaukko-kirurgian-kehityksen-kaantopisteena","status":"publish","type":"post","link":"https:\/\/www.suomi-ranska.com\/teknillistieteellinen\/13-10-2016-esitelmatilaisuus-tiedekulmassa-ludvig-xiv-kuninkaallinen-peraaukko-kirurgian-kehityksen-kaantopisteena\/","title":{"rendered":"13.10.2016 esitelm\u00e4tilaisuus Tiedekulmassa: Ludvig XIV, kuninkaallinen per\u00e4aukko kirurgian kehityksen k\u00e4\u00e4nt\u00f6pisteen\u00e4"},"content":{"rendered":"<p>[et_pb_section fb_built=&#8221;1&#8243; _builder_version=&#8221;4.16&#8243; custom_padding=&#8221;1px||6px|||&#8221; global_colors_info=&#8221;{}&#8221;][et_pb_row _builder_version=&#8221;4.22.2&#8243; _module_preset=&#8221;default&#8221; global_colors_info=&#8221;{}&#8221;][et_pb_column type=&#8221;4_4&#8243; _builder_version=&#8221;4.22.2&#8243; _module_preset=&#8221;default&#8221; global_colors_info=&#8221;{}&#8221;][et_pb_text _builder_version=&#8221;4.22.2&#8243; _module_preset=&#8221;default&#8221; header_2_font_size=&#8221;24px&#8221; header_2_line_height=&#8221;1.5em&#8221; header_3_font_size=&#8221;16px&#8221; header_3_line_height=&#8221;1.7em&#8221; hover_enabled=&#8221;0&#8243; global_colors_info=&#8221;{}&#8221; sticky_enabled=&#8221;0&#8243;]<\/p>\n<p>13.10.2016 seura j\u00e4rjesti esitelm\u00e4tilaisuuden Helsingin yliopiston Tiedekulmassa:<span>\u00a0<\/span><strong>Ludvig XIV, kuninkaallinen per\u00e4aukko kirurgian kehityksen k\u00e4\u00e4nt\u00f6pisteen\u00e4.<\/strong><span>\u00a0<\/span>Kirurgian dosentti Markku \u00c4\u00e4rimaa tarkasteli esityksess\u00e4\u00e4n kirurgian kehityksen k\u00e4\u00e4nteit\u00e4 ja Euroopan mahtavimmalle itsevaltiaalle tehdyn operaation vaikutuksia alaan ja sen arvostukseen. Kommentaattorina toimi kirurgian dosentti Bj\u00f6rn Eklund, joka arvioi my\u00f6s kirurgian nykyisi\u00e4 haasteita.<\/p>\n<p class=\"alignnone\">\u00a0Ranskan kuningas Ludvig XIV oli aikansa mahtavin itsevaltias. H\u00e4n j\u00e4tti pysyv\u00e4n j\u00e4ljen my\u00f6s l\u00e4\u00e4ketieteen historiaan. Kuninkaan lukuisista sairauksista tiedet\u00e4\u00e4n paljon, sill\u00e4 monarkin henkil\u00e4\u00e4k\u00e4rit selvittiv\u00e4t \u201dKuninkaan terveyden p\u00e4iv\u00e4lehdess\u00e4\u201d huolellisesti tiedot potilaansa terveydentilasta ja h\u00e4nen moninaisista vaivoistaan. Lehti antaa v\u00e4rikk\u00e4\u00e4n kuvan aikakauden terveydenhuollosta ja kuninkaallisiakin uhkaavista vaaroista. Aurinkokuninkaan per\u00e4aukon leikkaus oli uhkayritys, joka her\u00e4tti laajaa ja ansaittua huomiota. Toimenpide muutti k\u00e4sityst\u00e4 kirurgiasta, ja oli k\u00e4\u00e4nnekohta alan kehityksess\u00e4.<\/p>\n<p class=\"alignnone\">Esitelm\u00e4t ovat n\u00e4ht\u00e4viss\u00e4 netiss\u00e4, osoitteessa:<\/p>\n<p class=\"alignnone\"><span>https:\/\/www.helsinki.fi\/fi\/unitube\/video\/89fe5e6a-188d-4997-adc8-bd20a7a2feb5<\/span><\/p>\n<p>[\/et_pb_text][\/et_pb_column][\/et_pb_row][\/et_pb_section]<\/p>\n","protected":false},"excerpt":{"rendered":"<p>13.10.2016 seura j\u00e4rjesti esitelm\u00e4tilaisuuden Helsingin yliopiston Tiedekulmassa:\u00a0Ludvig XIV, kuninkaallinen per\u00e4aukko kirurgian kehityksen k\u00e4\u00e4nt\u00f6pisteen\u00e4.\u00a0Kirurgian dosentti Markku \u00c4\u00e4rimaa tarkasteli esityksess\u00e4\u00e4n kirurgian kehityksen k\u00e4\u00e4nteit\u00e4 ja Euroopan mahtavimmalle itsevaltiaalle tehdyn operaation vaikutuksia alaan ja sen arvostukseen. Kommentaattorina toimi kirurgian dosentti Bj\u00f6rn Eklund, joka arvioi my\u00f6s kirurgian nykyisi\u00e4 haasteita. \u00a0Ranskan kuningas Ludvig XIV oli aikansa mahtavin itsevaltias. H\u00e4n j\u00e4tti pysyv\u00e4n [&hellip;]<\/p>\n","protected":false},"author":1,"featured_media":0,"comment_status":"closed","ping_status":"closed","sticky":false,"template":"","format":"standard","meta":{"_et_pb_use_builder":"on","_et_pb_old_content":"<!-- wp:paragraph -->\n<p>Welcome to WordPress. This is your first post. Edit or delete it, then start writing!<\/p>\n<!-- \/wp:paragraph -->","_et_gb_content_width":"1080","footnotes":""},"categories":[13,4,12],"tags":[],"class_list":["post-1280","post","type-post","status-publish","format-standard","hentry","category-menneet-tapahtumat","category-tapahtumat","category-tapahtumat-2016"],"_links":{"self":[{"href":"https:\/\/www.suomi-ranska.com\/teknillistieteellinen\/wp-json\/wp\/v2\/posts\/1280","targetHints":{"allow":["GET"]}}],"collection":[{"href":"https:\/\/www.suomi-ranska.com\/teknillistieteellinen\/wp-json\/wp\/v2\/posts"}],"about":[{"href":"https:\/\/www.suomi-ranska.com\/teknillistieteellinen\/wp-json\/wp\/v2\/types\/post"}],"author":[{"embeddable":true,"href":"https:\/\/www.suomi-ranska.com\/teknillistieteellinen\/wp-json\/wp\/v2\/users\/1"}],"replies":[{"embeddable":true,"href":"https:\/\/www.suomi-ranska.com\/teknillistieteellinen\/wp-json\/wp\/v2\/comments?post=1280"}],"version-history":[{"count":3,"href":"https:\/\/www.suomi-ranska.com\/teknillistieteellinen\/wp-json\/wp\/v2\/posts\/1280\/revisions"}],"predecessor-version":[{"id":1283,"href":"https:\/\/www.suomi-ranska.com\/teknillistieteellinen\/wp-json\/wp\/v2\/posts\/1280\/revisions\/1283"}],"wp:attachment":[{"href":"https:\/\/www.suomi-ranska.com\/teknillistieteellinen\/wp-json\/wp\/v2\/media?parent=1280"}],"wp:term":[{"taxonomy":"category","embeddable":true,"href":"https:\/\/www.suomi-ranska.com\/teknillistieteellinen\/wp-json\/wp\/v2\/categories?post=1280"},{"taxonomy":"post_tag","embeddable":true,"href":"https:\/\/www.suomi-ranska.com\/teknillistieteellinen\/wp-json\/wp\/v2\/tags?post=1280"}],"curies":[{"name":"wp","href":"https:\/\/api.w.org\/{rel}","templated":true}]}}