{"id":1285,"date":"2016-05-01T11:41:14","date_gmt":"2016-05-01T11:41:14","guid":{"rendered":"https:\/\/www.suomi-ranska.com\/teknillistieteellinen\/?p=1285"},"modified":"2025-02-19T15:08:30","modified_gmt":"2025-02-19T15:08:30","slug":"kevaan-2016-tapahtumia","status":"publish","type":"post","link":"https:\/\/www.suomi-ranska.com\/teknillistieteellinen\/kevaan-2016-tapahtumia\/","title":{"rendered":"Kev\u00e4\u00e4n 2016 tapahtumia"},"content":{"rendered":"<p>[et_pb_section fb_built=&#8221;1&#8243; _builder_version=&#8221;4.27.0&#8243; _module_preset=&#8221;default&#8221; global_colors_info=&#8221;{}&#8221;][et_pb_row _builder_version=&#8221;4.27.0&#8243; _module_preset=&#8221;default&#8221; global_colors_info=&#8221;{}&#8221;][et_pb_column type=&#8221;4_4&#8243; _builder_version=&#8221;4.27.0&#8243; _module_preset=&#8221;default&#8221; global_colors_info=&#8221;{}&#8221;][et_pb_heading title=&#8221;Seminaari Aix-en-Provencessa&#8221; _builder_version=&#8221;4.27.0&#8243; _module_preset=&#8221;default&#8221; global_colors_info=&#8221;{}&#8221;][\/et_pb_heading][et_pb_text _builder_version=&#8221;4.27.0&#8243; _module_preset=&#8221;default&#8221; global_colors_info=&#8221;{}&#8221;]<\/p>\n<p>Viimeaikaisten kansainvaellusten innoittamana Suomalais-ranskalainen teknillistieteellinen seura (SRTTS) j\u00e4rjesti 12.-13. toukokuuta Aix-en Provencessa Ranskassa seminaarin\u00a0 otsikolla\u00a0 \u201dLa mobilit\u00e9 en M\u00e9diterran\u00e9e. Les soci\u00e9t\u00e9s euro-m\u00e9diterran\u00e9es \u00e0 l\u2019\u00e9preuve des migrations.\u201d\u00a0 Yhteisty\u00f6kumppaneina olivat CHERPA (le\u00a0centre de recherche unique de Sciences Po Aix) ja IREMAM (Institut de Recherches et d&#8217;Etudes sur le Monde Arabe et Musulman). Seminaari pidettiin CHERPA:n tiloissa.Osallistujia oli reilut parikymment\u00e4. Nelj\u00e4toista kuultua esitelm\u00e4\u00e4 ja niiden per\u00e4\u00e4n k\u00e4yty paneelikeskustelu valottivat ongelmaa monipuolisesti. Suomalaisia luennoitsijoita oli viisi<\/p>\n<p>[\/et_pb_text][et_pb_heading title=&#8221;Tutustumisk\u00e4ynti ITERiin&#8221; _builder_version=&#8221;4.27.0&#8243; _module_preset=&#8221;default&#8221; global_colors_info=&#8221;{}&#8221;][\/et_pb_heading][et_pb_text _builder_version=&#8221;4.27.0&#8243; _module_preset=&#8221;default&#8221; global_colors_info=&#8221;{}&#8221;]<\/p>\n<p>Aixin seminaarin j\u00e4lkeen suomalisilla osallistujilla oli lauantaina 14.toukokuuta tilaisuus tutustua ITERiin (International Thermonuclear Experimental Reactor), Cadarachiin rakennettavaan maailman suurimpaan fuusioenergiaa tutkivaan koelaitokseen. Laitoksen johtaja, ranskalainen Bernard Bigot otti suomalaisen delegaation vapaap\u00e4iv\u00e4n\u00e4\u00e4n henkil\u00f6kohtaisesti vastaan. Bigot piti asiasta tunnin esitelm\u00e4n, ja esitteli sen j\u00e4lkeen valtavaa rakennusty\u00f6maata kiertoajelulla. H\u00e4nen asiantuntevuutensa ja innostuksensa oli omiaan h\u00e4lvent\u00e4m\u00e4\u00e4n skeptikkojen ep\u00e4luulot projektin onnistumisen suhteen. Bigot arveli laitoksen olevan k\u00e4ytt\u00f6kunnossa vuonna 2025, mutta fuusiovoiman kaupallista k\u00e4ytt\u00f6\u00e4 saataneen h\u00e4nen mukaansa odottaa vuoteen 2045.<\/p>\n<p>[\/et_pb_text][et_pb_image src=&#8221;https:\/\/www.suomi-ranska.com\/teknillistieteellinen\/wp-content\/uploads\/2025\/02\/Finnish_Delegation_14_May_2016PICTURES_Sivu_01-kopio.jpg&#8221; title_text=&#8221;Finnish_Delegation_14_May_2016PICTURES_Sivu_01 kopio&#8221; _builder_version=&#8221;4.27.0&#8243; _module_preset=&#8221;default&#8221; hover_enabled=&#8221;0&#8243; global_colors_info=&#8221;{}&#8221; sticky_enabled=&#8221;0&#8243;][\/et_pb_image][et_pb_text _builder_version=&#8221;4.27.0&#8243; _module_preset=&#8221;default&#8221; global_colors_info=&#8221;{}&#8221;]<\/p>\n<p style=\"text-align: center;\">Kuvassa vasemmalta: Teppo Koski, Tuomo Melasuo, p\u00e4\u00e4johtaja Bernard Bigot,\u00a0 Jorma Routti ja Markku \u00c4\u00e4rimaa<\/p>\n<p>[\/et_pb_text][et_pb_heading title=&#8221;Vuosikokous 2016&#8243; _builder_version=&#8221;4.27.0&#8243; _module_preset=&#8221;default&#8221; global_colors_info=&#8221;{}&#8221;][\/et_pb_heading][et_pb_text _builder_version=&#8221;4.27.0&#8243; _module_preset=&#8221;default&#8221; global_colors_info=&#8221;{}&#8221;]<\/p>\n<p>Seuran vuosikokous pidettiin Kaapelitehtaalla Helsingiss\u00e4 23. toukokuuta. Seuralle valittiin uusi hallitus, jonka j\u00e4seniksi tulivat: \u00a0 Alain Duprey,\u00a0 Kai Huotari,\u00a0 Nora Kalso,\u00a0Teppo Koski,\u00a0 Eeva Luhtakallio,\u00a0 Tuomo Melasuo,\u00a0 Anne-Christine Ritschkoff,\u00a0 Jorma Routti ja Markku \u00c4\u00e4rimaa. Markku \u00c4\u00e4rimaa valittiin puheenjohtajaksi ja Anne-Christine Ritschkoff\u00a0 \u00a0varapuheenjohtajaksi.<\/p>\n<p>Seuran vahva tase on muutaman vuoden ajan sallinut toiminnan j\u00e4senmaksuja perim\u00e4tt\u00e4. Nyt on tullut tilanne, jossa j\u00e4senmaksuja taas on ker\u00e4tt\u00e4v\u00e4, ja vuosikokous p\u00e4\u00e4tti vuoden 2016 j\u00e4senmaksun suuruudeksi 30 euroa. \u00a0 Er\u00e4\u00e4t tunnolliset seuran j\u00e4senet ovat jo ehtineet maksaa 20 euroa t\u00e4m\u00e4n vuoden j\u00e4senmaksua. Vuosikokous p\u00e4\u00e4tti, ett\u00e4 kiitokseksi tunnollisuudesta j\u00e4senmaksu katsotaan n\u00e4iden j\u00e4senien osalta t\u00e4ll\u00e4 summalla kokonaan maksetuksi.\u00a0<\/p>\n<p>[\/et_pb_text][\/et_pb_column][\/et_pb_row][\/et_pb_section]<\/p>\n","protected":false},"excerpt":{"rendered":"<p>Viimeaikaisten kansainvaellusten innoittamana Suomalais-ranskalainen teknillistieteellinen seura (SRTTS) j\u00e4rjesti 12.-13. toukokuuta Aix-en Provencessa Ranskassa seminaarin\u00a0 otsikolla\u00a0 \u201dLa mobilit\u00e9 en M\u00e9diterran\u00e9e. Les soci\u00e9t\u00e9s euro-m\u00e9diterran\u00e9es \u00e0 l\u2019\u00e9preuve des migrations.\u201d\u00a0 Yhteisty\u00f6kumppaneina olivat CHERPA (le\u00a0centre de recherche unique de Sciences Po Aix) ja IREMAM (Institut de Recherches et d&#8217;Etudes sur le Monde Arabe et Musulman). Seminaari pidettiin CHERPA:n tiloissa.Osallistujia oli [&hellip;]<\/p>\n","protected":false},"author":1,"featured_media":0,"comment_status":"closed","ping_status":"closed","sticky":false,"template":"","format":"standard","meta":{"_et_pb_use_builder":"on","_et_pb_old_content":"<!-- wp:paragraph -->\n<p><strong>Kev\u00e4\u00e4n 2016 tapahtumia<\/strong><\/p>\n<!-- \/wp:paragraph -->\n\n<!-- wp:paragraph -->\n<p><strong>Seminaari Aix-en-Provencessa<\/strong><\/p>\n<!-- \/wp:paragraph -->\n\n<!-- wp:table -->\n<figure class=\"wp-block-table\"><table><tbody><tr><td>&nbsp;<a href=\"http:\/\/31.217.196.198\/~sqlhrbvd\/multisite\/teknillistieteellinen\/wp-content\/uploads\/sites\/33\/2016\/06\/seminaarin-ohjelmalehti00011.jpg\"><img class=\"alignnone wp-image-37\" src=\"http:\/\/31.217.196.198\/~sqlhrbvd\/multisite\/teknillistieteellinen\/wp-content\/uploads\/sites\/33\/2016\/06\/seminaarin-ohjelmalehti00011-142x300.jpg\" alt=\"Seminaarin ohjelmalehti\" width=\"173\" height=\"364\"><\/a><\/td><td>Viimeaikaisten kansainvaellusten innoittamana Suomalais-ranskalainen teknillistieteellinen seura (SRTTS) j\u00e4rjesti 12.-13. toukokuuta Aix-en Provencessa Ranskassa seminaarin&nbsp; otsikolla&nbsp; \u201dLa mobilit\u00e9 en M\u00e9diterran\u00e9e. Les soci\u00e9t\u00e9s euro-m\u00e9diterran\u00e9es \u00e0 l\u2019\u00e9preuve des migrations.\u201d&nbsp; Yhteisty\u00f6kumppaneina olivat CHERPA (le&nbsp;centre de recherche unique de Sciences Po Aix<strong>) <\/strong>ja IREMAM (Institut de Recherches et d'Etudes sur le Monde Arabe et Musulman). Seminaari pidettiin CHERPA:n tiloissa.Osallistujia oli reilut parikymment\u00e4. Nelj\u00e4toista kuultua esitelm\u00e4\u00e4 ja niiden per\u00e4\u00e4n k\u00e4yty paneelikeskustelu valottivat ongelmaa monipuolisesti. Suomalaisia luennoitsijoita oli viisi.<\/td><\/tr><\/tbody><\/table><\/figure>\n<!-- \/wp:table -->\n\n<!-- wp:paragraph -->\n<p><strong>Tutustumisk\u00e4ynti ITERiin<\/strong><\/p>\n<!-- \/wp:paragraph -->\n\n<!-- wp:table -->\n<figure class=\"wp-block-table\"><table><tbody><tr><td>&nbsp;<a href=\"http:\/\/31.217.196.198\/~sqlhrbvd\/multisite\/teknillistieteellinen\/wp-content\/uploads\/sites\/33\/2017\/12\/sisus.jpg\"><img class=\"attachment-medium \" src=\"http:\/\/31.217.196.198\/~sqlhrbvd\/multisite\/teknillistieteellinen\/wp-content\/uploads\/sites\/33\/2017\/12\/sisus-242x300.jpg\" alt=\"\" width=\"259\" height=\"321\"><\/a><\/td><td>Aixin seminaarin j\u00e4lkeen suomalisilla osallistujilla oli lauantaina 14.toukokuuta tilaisuus tutustua ITERiin (International Thermonuclear Experimental Reactor), Cadarachiin rakennettavaan maailman suurimpaan fuusioenergiaa tutkivaan koelaitokseen. Laitoksen johtaja, ranskalainen Bernard Bigot otti suomalaisen delegaation vapaap\u00e4iv\u00e4n\u00e4\u00e4n henkil\u00f6kohtaisesti vastaan. Bigot piti asiasta tunnin esitelm\u00e4n, ja esitteli sen j\u00e4lkeen valtavaa rakennusty\u00f6maata kiertoajelulla. H\u00e4nen asiantuntevuutensa ja innostuksensa oli omiaan h\u00e4lvent\u00e4m\u00e4\u00e4n skeptikkojen ep\u00e4luulot projektin onnistumisen suhteen. Bigot arveli laitoksen olevan k\u00e4ytt\u00f6kunnossa vuonna 2025, mutta fuusiovoiman kaupallista k\u00e4ytt\u00f6\u00e4 saataneen h\u00e4nen mukaansa odottaa vuoteen 2045.<\/td><\/tr><\/tbody><\/table><\/figure>\n<!-- \/wp:table -->\n\n<!-- wp:paragraph -->\n<p><img class=\"details-image\" src=\"http:\/\/31.217.196.198\/~sqlhrbvd\/multisite\/teknillistieteellinen\/wp-content\/uploads\/sites\/33\/2016\/06\/Finnish_Delegation_14_May_2016-selected.jpg\" alt=\"\"> <\/p>\n<!-- \/wp:paragraph -->\n\n<!-- wp:paragraph -->\n<p>Kuvassa vasemmalta: Teppo Koski, Tuomo Melasuo, p\u00e4\u00e4johtaja Bernard Bigot,\u00a0 Jorma Routti ja Markku \u00c4\u00e4rimaa<\/p>\n<!-- \/wp:paragraph -->","_et_gb_content_width":"1080","footnotes":""},"categories":[13,12,33],"tags":[],"class_list":["post-1285","post","type-post","status-publish","format-standard","hentry","category-menneet-tapahtumat","category-tapahtumat-2016","category-yleinen-fi"],"_links":{"self":[{"href":"https:\/\/www.suomi-ranska.com\/teknillistieteellinen\/wp-json\/wp\/v2\/posts\/1285","targetHints":{"allow":["GET"]}}],"collection":[{"href":"https:\/\/www.suomi-ranska.com\/teknillistieteellinen\/wp-json\/wp\/v2\/posts"}],"about":[{"href":"https:\/\/www.suomi-ranska.com\/teknillistieteellinen\/wp-json\/wp\/v2\/types\/post"}],"author":[{"embeddable":true,"href":"https:\/\/www.suomi-ranska.com\/teknillistieteellinen\/wp-json\/wp\/v2\/users\/1"}],"replies":[{"embeddable":true,"href":"https:\/\/www.suomi-ranska.com\/teknillistieteellinen\/wp-json\/wp\/v2\/comments?post=1285"}],"version-history":[{"count":7,"href":"https:\/\/www.suomi-ranska.com\/teknillistieteellinen\/wp-json\/wp\/v2\/posts\/1285\/revisions"}],"predecessor-version":[{"id":2459,"href":"https:\/\/www.suomi-ranska.com\/teknillistieteellinen\/wp-json\/wp\/v2\/posts\/1285\/revisions\/2459"}],"wp:attachment":[{"href":"https:\/\/www.suomi-ranska.com\/teknillistieteellinen\/wp-json\/wp\/v2\/media?parent=1285"}],"wp:term":[{"taxonomy":"category","embeddable":true,"href":"https:\/\/www.suomi-ranska.com\/teknillistieteellinen\/wp-json\/wp\/v2\/categories?post=1285"},{"taxonomy":"post_tag","embeddable":true,"href":"https:\/\/www.suomi-ranska.com\/teknillistieteellinen\/wp-json\/wp\/v2\/tags?post=1285"}],"curies":[{"name":"wp","href":"https:\/\/api.w.org\/{rel}","templated":true}]}}