{"id":2422,"date":"2025-02-17T08:14:05","date_gmt":"2025-02-17T08:14:05","guid":{"rendered":"https:\/\/www.suomi-ranska.com\/teknillistieteellinen\/?p=2422"},"modified":"2025-02-17T08:14:05","modified_gmt":"2025-02-17T08:14:05","slug":"27-5-2024-jarjestettiin-helsingin-rikhardinakadun-kirjastossa-keskustelutilaisuus","status":"publish","type":"post","link":"https:\/\/www.suomi-ranska.com\/teknillistieteellinen\/27-5-2024-jarjestettiin-helsingin-rikhardinakadun-kirjastossa-keskustelutilaisuus\/","title":{"rendered":"27.5.2024 j\u00e4rjestettiin Helsingin Rikhardinakadun kirjastossa keskustelutilaisuus:"},"content":{"rendered":"<p>[et_pb_section fb_built=&#8221;1&#8243; _builder_version=&#8221;4.22.2&#8243; _module_preset=&#8221;default&#8221; min_height=&#8221;826.1px&#8221; custom_padding=&#8221;||2px|||&#8221; global_colors_info=&#8221;{}&#8221;][et_pb_row _builder_version=&#8221;4.22.2&#8243; _module_preset=&#8221;default&#8221; global_colors_info=&#8221;{}&#8221;][et_pb_column type=&#8221;4_4&#8243; _builder_version=&#8221;4.22.2&#8243; _module_preset=&#8221;default&#8221; global_colors_info=&#8221;{}&#8221;][et_pb_text _builder_version=&#8221;4.27.0&#8243; _module_preset=&#8221;default&#8221; custom_padding=&#8221;||0px|||&#8221; hover_enabled=&#8221;0&#8243; global_colors_info=&#8221;{}&#8221; sticky_enabled=&#8221;0&#8243;]<\/p>\n<p>Eurovaalit l\u00e4hestyv\u00e4t, oletko valmis?<\/p>\n<p>Tilaisuudessa asiantuntijamme prof. Louis Clerc ja dos Kimmo Elo, molemmat turun yliopistosta, taustoittivat EU:n vaalitilannetta. Puhetta johti suurl\u00e4hettil\u00e4s Risto Veltheim.<\/p>\n<p>Suomessa europarlamenttivaalien ennakko\u00e4\u00e4nestysp\u00e4iviksi oli m\u00e4\u00e4r\u00e4tty 29.5.-4.6., ja varsinaiseksi vaalip\u00e4iv\u00e4ksi\u00a0 sunnuntai 9.6. N\u00e4iss\u00e4 vaaleissa EU oli Ukrainan sodankin johdosta aivan uudenlaisessa tilanteessa, ja vaalit olivat tavallista t\u00e4rke\u00e4mm\u00e4t.<\/p>\n<p>Europan unioni on osallisena Ukrainan sotaponnisteluissa, joihin suhtautumisessa on j\u00e4senmaiden suhteen huomattavia eroja. Pysyyk\u00f6 EU yhten\u00e4isen\u00e4 ja mihin suuntaan se itse kehittyy? Mihin kaikkeen vaaleilla vaikutetaan?<\/p>\n<p>Asiantuntijamme etsiv\u00e4t vastauksia n\u00e4ihin kysymyksiin ja selvittiv\u00e4t vaaliasetelmia.<\/p>\n<p>[\/et_pb_text][\/et_pb_column][\/et_pb_row][et_pb_row use_custom_gutter=&#8221;on&#8221; gutter_width=&#8221;1&#8243; _builder_version=&#8221;4.23&#8243; _module_preset=&#8221;default&#8221; global_colors_info=&#8221;{}&#8221;][et_pb_column type=&#8221;4_4&#8243; _builder_version=&#8221;4.23&#8243; _module_preset=&#8221;default&#8221; global_colors_info=&#8221;{}&#8221;][et_pb_image src=&#8221;https:\/\/www.suomi-ranska.com\/teknillistieteellinen\/wp-content\/uploads\/2024\/06\/luennoitsijat-2-kopio-300&#215;163-1-1.jpg&#8221; title_text=&#8221;luennoitsijat-2-kopio-300&#215;163-1&#8243; _builder_version=&#8221;4.27.0&#8243; _module_preset=&#8221;default&#8221; hover_enabled=&#8221;0&#8243; global_colors_info=&#8221;{}&#8221; sticky_enabled=&#8221;0&#8243; force_fullwidth=&#8221;on&#8221;][\/et_pb_image][et_pb_text _builder_version=&#8221;4.23&#8243; _module_preset=&#8221;default&#8221; global_colors_info=&#8221;{}&#8221;]<\/p>\n<p style=\"text-align: center;\">Ranskan suurl\u00e4hettil\u00e4s Agn\u00e9s Cukierman<\/p>\n<p style=\"text-align: center;\">[\/et_pb_text][\/et_pb_column][\/et_pb_row][\/et_pb_section]<\/p>\n","protected":false},"excerpt":{"rendered":"<p>Eurovaalit l\u00e4hestyv\u00e4t, oletko valmis? Tilaisuudessa asiantuntijamme prof. Louis Clerc ja dos Kimmo Elo, molemmat turun yliopistosta, taustoittivat EU:n vaalitilannetta. Puhetta johti suurl\u00e4hettil\u00e4s Risto Veltheim. Suomessa europarlamenttivaalien ennakko\u00e4\u00e4nestysp\u00e4iviksi oli m\u00e4\u00e4r\u00e4tty 29.5.-4.6., ja varsinaiseksi vaalip\u00e4iv\u00e4ksi\u00a0 sunnuntai 9.6. N\u00e4iss\u00e4 vaaleissa EU oli Ukrainan sodankin johdosta aivan uudenlaisessa tilanteessa, ja vaalit olivat tavallista t\u00e4rke\u00e4mm\u00e4t. Europan unioni on osallisena Ukrainan [&hellip;]<\/p>\n","protected":false},"author":1,"featured_media":0,"comment_status":"closed","ping_status":"open","sticky":false,"template":"","format":"standard","meta":{"_et_pb_use_builder":"on","_et_pb_old_content":"","_et_gb_content_width":"1080","footnotes":""},"categories":[13,5],"tags":[],"class_list":["post-2422","post","type-post","status-publish","format-standard","hentry","category-menneet-tapahtumat","category-tapahtumat-2023"],"_links":{"self":[{"href":"https:\/\/www.suomi-ranska.com\/teknillistieteellinen\/wp-json\/wp\/v2\/posts\/2422","targetHints":{"allow":["GET"]}}],"collection":[{"href":"https:\/\/www.suomi-ranska.com\/teknillistieteellinen\/wp-json\/wp\/v2\/posts"}],"about":[{"href":"https:\/\/www.suomi-ranska.com\/teknillistieteellinen\/wp-json\/wp\/v2\/types\/post"}],"author":[{"embeddable":true,"href":"https:\/\/www.suomi-ranska.com\/teknillistieteellinen\/wp-json\/wp\/v2\/users\/1"}],"replies":[{"embeddable":true,"href":"https:\/\/www.suomi-ranska.com\/teknillistieteellinen\/wp-json\/wp\/v2\/comments?post=2422"}],"version-history":[{"count":3,"href":"https:\/\/www.suomi-ranska.com\/teknillistieteellinen\/wp-json\/wp\/v2\/posts\/2422\/revisions"}],"predecessor-version":[{"id":2425,"href":"https:\/\/www.suomi-ranska.com\/teknillistieteellinen\/wp-json\/wp\/v2\/posts\/2422\/revisions\/2425"}],"wp:attachment":[{"href":"https:\/\/www.suomi-ranska.com\/teknillistieteellinen\/wp-json\/wp\/v2\/media?parent=2422"}],"wp:term":[{"taxonomy":"category","embeddable":true,"href":"https:\/\/www.suomi-ranska.com\/teknillistieteellinen\/wp-json\/wp\/v2\/categories?post=2422"},{"taxonomy":"post_tag","embeddable":true,"href":"https:\/\/www.suomi-ranska.com\/teknillistieteellinen\/wp-json\/wp\/v2\/tags?post=2422"}],"curies":[{"name":"wp","href":"https:\/\/api.w.org\/{rel}","templated":true}]}}