{"id":2426,"date":"2025-02-17T08:21:58","date_gmt":"2025-02-17T08:21:58","guid":{"rendered":"https:\/\/www.suomi-ranska.com\/teknillistieteellinen\/?p=2426"},"modified":"2025-02-17T08:22:55","modified_gmt":"2025-02-17T08:22:55","slug":"climate-change-and-fate-of-forests","status":"publish","type":"post","link":"https:\/\/www.suomi-ranska.com\/teknillistieteellinen\/climate-change-and-fate-of-forests\/","title":{"rendered":"Climate Change and Fate of Forests\u00a0"},"content":{"rendered":"\n[et_pb_section fb_built=&#8221;1&#8243; theme_builder_area=&#8221;post_content&#8221; _builder_version=&#8221;4.27.0&#8243; _module_preset=&#8221;default&#8221;][et_pb_row _builder_version=&#8221;4.27.0&#8243; _module_preset=&#8221;default&#8221; theme_builder_area=&#8221;post_content&#8221;][et_pb_column _builder_version=&#8221;4.27.0&#8243; _module_preset=&#8221;default&#8221; type=&#8221;4_4&#8243; theme_builder_area=&#8221;post_content&#8221;][et_pb_text _builder_version=&#8221;4.27.0&#8243; _module_preset=&#8221;default&#8221; theme_builder_area=&#8221;post_content&#8221; hover_enabled=&#8221;0&#8243; sticky_enabled=&#8221;0&#8243;]<p>Seminaari pidettiin Agronomiliiton upeissa tiloissa Helsingiss\u00e4 yhteisty\u00f6ss\u00e4 Ranskan Instituutin ja Agronomiliiton kanssa. Luentosali tuli kutakuinkin t\u00e4yteen kuulijoita.<\/p>\n<p>Luennoitsijoinamme\u00a0 toimivat Euroopan mets\u00e4instituutin johtaja Robert Mavsar, ranskalainen Andreas Kleinschmit von Lengefeld,\u00a0 maa- ja mets\u00e4talousministeri\u00f6n mets\u00e4yksik\u00f6n johtaja Erno J\u00e4rvinen, agronomi Veli Pohjonen ja mets\u00e4tieteen tri Aarne Reunala.<\/p>\n<p>Mets\u00e4t toimivat maapallon keuhkoina, sill\u00e4 ne kuluttavat hiilidioksidia ja tuottavat happea ilmakeh\u00e4\u00e4n. Suuri osa Euroopan metsist\u00e4 on kuitenkin hakattu polttoaineeksi, rakennusmateriaaliksi tai muihin teollisen yhteiskunnan tarpeisiin. T\u00e4st\u00e4 syyst\u00e4 maapallon keuhkojen kapasiteetti on pienentynyt ja hiilidioksidin m\u00e4\u00e4r\u00e4 ilmakeh\u00e4ss\u00e4 on vahvasti lis\u00e4\u00e4ntynyt. Hiilidioksidi aiheuttaa osaltaan ns. \u201dkasvihuoneilmi\u00f6n\u201d: maapallo l\u00e4mpenee. Seuraukset ovat jo n\u00e4ht\u00e4viss\u00e4: helleaallot, myrskyt, rankkasateet ja tulvat aiheuttavat yh\u00e4 enemm\u00e4n vahinkoja. Pohdittavana oli kipeit\u00e4 kysymyksi\u00e4: miten metsien taloudellinen k\u00e4ytt\u00f6 sopii yhteen ilmastonmuutoksen aiheuttaman uhan kanssa? Koska mets\u00e4t voivat my\u00f6s sitoa hiilidioksidia, voisivatko ne auttaa ihmiskuntaa voittamaan ilmaston l\u00e4mpenemisongelman?<\/p>\n<p>Luennoitsijamme etsiv\u00e4t vastauksia n\u00e4ihin perustavanlaatuisiin kysymyksiin.<\/p>[\/et_pb_text][et_pb_image src=&#8221;https:\/\/www.suomi-ranska.com\/teknillistieteellinen\/wp-content\/uploads\/2024\/11\/Luennoitsijat-leikattu-scaled.jpg&#8221; _builder_version=&#8221;4.27.0&#8243; _module_preset=&#8221;default&#8221; theme_builder_area=&#8221;post_content&#8221; title_text=&#8221;Luennoitsijat, leikattu&#8221; hover_enabled=&#8221;0&#8243; sticky_enabled=&#8221;0&#8243;][\/et_pb_image][et_pb_text _builder_version=&#8221;4.27.0&#8243; _module_preset=&#8221;default&#8221; theme_builder_area=&#8221;post_content&#8221; hover_enabled=&#8221;0&#8243; sticky_enabled=&#8221;0&#8243; custom_padding=&#8221;||138px|||&#8221;]<p><span>Kuvassa panelistimme. Vasemmalta oikealle: Robert Mavsar, Andreas Kleinschmit von Lengefeld, Erno J\u00e4rvinen ja paneelin vet\u00e4j\u00e4 Anne-Christine Ritschkoff.<\/span><\/p>[\/et_pb_text][\/et_pb_column][\/et_pb_row][\/et_pb_section]\n","protected":false},"excerpt":{"rendered":"<p>Seminaari pidettiin Agronomiliiton upeissa tiloissa Helsingiss\u00e4 yhteisty\u00f6ss\u00e4 Ranskan Instituutin ja Agronomiliiton kanssa. Luentosali tuli kutakuinkin t\u00e4yteen kuulijoita. Luennoitsijoinamme\u00a0 toimivat Euroopan mets\u00e4instituutin johtaja Robert Mavsar, ranskalainen Andreas Kleinschmit von Lengefeld,\u00a0 maa- ja mets\u00e4talousministeri\u00f6n mets\u00e4yksik\u00f6n johtaja Erno J\u00e4rvinen, agronomi Veli Pohjonen ja mets\u00e4tieteen tri Aarne Reunala. Mets\u00e4t toimivat maapallon keuhkoina, sill\u00e4 ne kuluttavat hiilidioksidia ja tuottavat happea [&hellip;]<\/p>\n","protected":false},"author":1,"featured_media":0,"comment_status":"closed","ping_status":"open","sticky":false,"template":"","format":"standard","meta":{"_et_pb_use_builder":"on","_et_pb_old_content":"","_et_gb_content_width":"1080","footnotes":""},"categories":[62,33],"tags":[],"class_list":["post-2426","post","type-post","status-publish","format-standard","hentry","category-tapahtumat-2024-fi","category-yleinen-fi"],"_links":{"self":[{"href":"https:\/\/www.suomi-ranska.com\/teknillistieteellinen\/wp-json\/wp\/v2\/posts\/2426","targetHints":{"allow":["GET"]}}],"collection":[{"href":"https:\/\/www.suomi-ranska.com\/teknillistieteellinen\/wp-json\/wp\/v2\/posts"}],"about":[{"href":"https:\/\/www.suomi-ranska.com\/teknillistieteellinen\/wp-json\/wp\/v2\/types\/post"}],"author":[{"embeddable":true,"href":"https:\/\/www.suomi-ranska.com\/teknillistieteellinen\/wp-json\/wp\/v2\/users\/1"}],"replies":[{"embeddable":true,"href":"https:\/\/www.suomi-ranska.com\/teknillistieteellinen\/wp-json\/wp\/v2\/comments?post=2426"}],"version-history":[{"count":3,"href":"https:\/\/www.suomi-ranska.com\/teknillistieteellinen\/wp-json\/wp\/v2\/posts\/2426\/revisions"}],"predecessor-version":[{"id":2429,"href":"https:\/\/www.suomi-ranska.com\/teknillistieteellinen\/wp-json\/wp\/v2\/posts\/2426\/revisions\/2429"}],"wp:attachment":[{"href":"https:\/\/www.suomi-ranska.com\/teknillistieteellinen\/wp-json\/wp\/v2\/media?parent=2426"}],"wp:term":[{"taxonomy":"category","embeddable":true,"href":"https:\/\/www.suomi-ranska.com\/teknillistieteellinen\/wp-json\/wp\/v2\/categories?post=2426"},{"taxonomy":"post_tag","embeddable":true,"href":"https:\/\/www.suomi-ranska.com\/teknillistieteellinen\/wp-json\/wp\/v2\/tags?post=2426"}],"curies":[{"name":"wp","href":"https:\/\/api.w.org\/{rel}","templated":true}]}}