{"id":2432,"date":"2025-02-17T08:27:00","date_gmt":"2025-02-17T08:27:00","guid":{"rendered":"https:\/\/www.suomi-ranska.com\/teknillistieteellinen\/?p=2432"},"modified":"2025-04-11T09:57:13","modified_gmt":"2025-04-11T09:57:13","slug":"vuosikokous-2025","status":"publish","type":"post","link":"https:\/\/www.suomi-ranska.com\/teknillistieteellinen\/vuosikokous-2025\/","title":{"rendered":"Vuosikokous 2025"},"content":{"rendered":"<p>[et_pb_section fb_built=&#8221;1&#8243; _builder_version=&#8221;4.27.0&#8243; _module_preset=&#8221;default&#8221; global_colors_info=&#8221;{}&#8221;][et_pb_row _builder_version=&#8221;4.27.0&#8243; _module_preset=&#8221;default&#8221; global_colors_info=&#8221;{}&#8221;][et_pb_column type=&#8221;4_4&#8243; _builder_version=&#8221;4.27.0&#8243; _module_preset=&#8221;default&#8221; global_colors_info=&#8221;{}&#8221;][et_pb_text _builder_version=&#8221;4.27.0&#8243; _module_preset=&#8221;default&#8221; global_colors_info=&#8221;{}&#8221;]<\/p>\n<h5><strong><\/strong><\/h5>\n<h5><strong>SRTTS:n vuosikokous<\/strong> pidettiin 28.1.2025 klo 12-13 Ranskan instituutin tiloissa osoitteessa Yrj\u00f6nkatu 36, Helsinki.<\/h5>\n<p>Tilaisuuden aluksi kuultiin Simo Brummerin esitelm\u00e4: Il \u00e9tait une fois \u2013 le ticket de m\u00e9tro.<\/p>\n<p>Vuosikokouksessa k\u00e4siteltiin kokoukseen kuuluvat s\u00e4\u00e4nt\u00f6m\u00e4\u00e4r\u00e4iset asiat. Hallituksen laatima kertomus vuodelta 2024 hyv\u00e4ksyttiin, samoin hyv\u00e4ksyttiin tilinp\u00e4\u00e4t\u00f6s ja annettiin hallitukselle vastuuvapaus<\/p>\n<p>Tarkoituksena oli my\u00f6s valita seuralle puheenjohtaja alkavalle vuodelle. Seuran puheenjohtaja Markku \u00c4\u00e4rimaa ei asettunut en\u00e4\u00e4 ehdolle. Kun muita ehdokkaita ei l\u00f6ytynyt, vuosikokous p\u00e4\u00e4tti ryhty\u00e4 toimenpiteisiin seuran toiminnan lopettamiseksi, ja asetti ty\u00f6ryhm\u00e4n t\u00e4t\u00e4 valmistelemaan.<\/p>\n<p>Puheenjohtajaehdokas on kuitenkin l\u00f6ytynyt.\u00a0<\/p>\n<h4><strong>Seuran ylim\u00e4\u00e4r\u00e4inen kokous vuonna 2025<\/strong><\/h4>\n<p>\u00a0Onnellisen k\u00e4\u00e4nteen johdosta uusi yhdistyksen kokous pidettiin 3.3.2025 klo 13.00-13.30 Lasipalatsissa Helsingiss\u00e4. Seuran puheenjohtajaksi valittiin\u00a0 Tuomo Melasuo ja varapuheenjohtajaksi Anne-Christine Ritschkoff.\u00a0<\/p>\n<p>Kokousasiakirjat l\u00f6ytyv\u00e4t kohdasta: Vuosikokoukset\/Vuosikokous 2025<\/p>\n<p>.<\/p>\n<p>[\/et_pb_text][\/et_pb_column][\/et_pb_row][\/et_pb_section]<\/p>\n","protected":false},"excerpt":{"rendered":"<p>SRTTS:n vuosikokous pidettiin 28.1.2025 klo 12-13 Ranskan instituutin tiloissa osoitteessa Yrj\u00f6nkatu 36, Helsinki. Tilaisuuden aluksi kuultiin Simo Brummerin esitelm\u00e4: Il \u00e9tait une fois \u2013 le ticket de m\u00e9tro. Vuosikokouksessa k\u00e4siteltiin kokoukseen kuuluvat s\u00e4\u00e4nt\u00f6m\u00e4\u00e4r\u00e4iset asiat. Hallituksen laatima kertomus vuodelta 2024 hyv\u00e4ksyttiin, samoin hyv\u00e4ksyttiin tilinp\u00e4\u00e4t\u00f6s ja annettiin hallitukselle vastuuvapaus Tarkoituksena oli my\u00f6s valita seuralle puheenjohtaja alkavalle vuodelle. [&hellip;]<\/p>\n","protected":false},"author":1,"featured_media":0,"comment_status":"closed","ping_status":"open","sticky":false,"template":"","format":"standard","meta":{"_et_pb_use_builder":"on","_et_pb_old_content":"","_et_gb_content_width":"1080","footnotes":""},"categories":[64,33],"tags":[],"class_list":["post-2432","post","type-post","status-publish","format-standard","hentry","category-tapahtumat-2025","category-yleinen-fi"],"_links":{"self":[{"href":"https:\/\/www.suomi-ranska.com\/teknillistieteellinen\/wp-json\/wp\/v2\/posts\/2432","targetHints":{"allow":["GET"]}}],"collection":[{"href":"https:\/\/www.suomi-ranska.com\/teknillistieteellinen\/wp-json\/wp\/v2\/posts"}],"about":[{"href":"https:\/\/www.suomi-ranska.com\/teknillistieteellinen\/wp-json\/wp\/v2\/types\/post"}],"author":[{"embeddable":true,"href":"https:\/\/www.suomi-ranska.com\/teknillistieteellinen\/wp-json\/wp\/v2\/users\/1"}],"replies":[{"embeddable":true,"href":"https:\/\/www.suomi-ranska.com\/teknillistieteellinen\/wp-json\/wp\/v2\/comments?post=2432"}],"version-history":[{"count":7,"href":"https:\/\/www.suomi-ranska.com\/teknillistieteellinen\/wp-json\/wp\/v2\/posts\/2432\/revisions"}],"predecessor-version":[{"id":2483,"href":"https:\/\/www.suomi-ranska.com\/teknillistieteellinen\/wp-json\/wp\/v2\/posts\/2432\/revisions\/2483"}],"wp:attachment":[{"href":"https:\/\/www.suomi-ranska.com\/teknillistieteellinen\/wp-json\/wp\/v2\/media?parent=2432"}],"wp:term":[{"taxonomy":"category","embeddable":true,"href":"https:\/\/www.suomi-ranska.com\/teknillistieteellinen\/wp-json\/wp\/v2\/categories?post=2432"},{"taxonomy":"post_tag","embeddable":true,"href":"https:\/\/www.suomi-ranska.com\/teknillistieteellinen\/wp-json\/wp\/v2\/tags?post=2432"}],"curies":[{"name":"wp","href":"https:\/\/api.w.org\/{rel}","templated":true}]}}